{"id":13606,"date":"2020-05-14T11:07:09","date_gmt":"2020-05-14T11:07:09","guid":{"rendered":"https:\/\/www.salvatorianas.org.br\/blog\/?p=13606"},"modified":"2020-05-14T11:15:44","modified_gmt":"2020-05-14T11:15:44","slug":"o-papa-rezemos-juntos-como-irmaos-pela-libertacao-de-todas-as-pandemias","status":"publish","type":"post","link":"https:\/\/www.salvatorianas.org.br\/blog\/o-papa-rezemos-juntos-como-irmaos-pela-libertacao-de-todas-as-pandemias\/","title":{"rendered":"O Papa: rezemos juntos como irm\u00e3os pela liberta\u00e7\u00e3o de todas as pandemias"},"content":{"rendered":"\n<p>Francisco presidiu a Missa na Casa Santa Marta, no Vaticano, na manh\u00e3 desta quinta-feira, 14 de maio, data em que a Igreja celebra em seu calend\u00e1rio lit\u00fargico a Festa de S\u00e3o Matias Ap\u00f3stolo. Na introdu\u00e7\u00e3o, recordou o Dia mundial de ora\u00e7\u00e3o, jejum e obras de caridade, promovido pelo Alto Comit\u00ea da Fraternidade Humana, e encorajou todos a se unirem como irm\u00e3os, para pedir a liberta\u00e7\u00e3o deste mal:<\/p>\n\n\n\n<p><em>O Alto Comit\u00ea para a Fraternidade Humana convocou para hoje um dia de ora\u00e7\u00e3o, jejum para pedir a Deus miseric\u00f3rdia e piedade neste momento tr\u00e1gico da pandemia. Todos somos irm\u00e3os. S\u00e3o Francisco de Assis dizia: \u201cTodos irm\u00e3os\u201d. E por isto, homens e mulheres de todas as confiss\u00f5es religiosas hoje nos unimos na ora\u00e7\u00e3o e na penit\u00eancia para pedir a gra\u00e7a da cura desta pandemia.<\/em><\/p>\n\n\n\n<p>Na homilia, o Papa comentou a primeira leitura, extra\u00edda do Livro de Jonas, em que o profeta convida o povo de N\u00ednive a converter-se para n\u00e3o sofrer a destrui\u00e7\u00e3o da cidade. N\u00ednive se converteu e a cidade foi salva de alguma pandemia, talvez \u201cuma pandemia moral\u201d, observou o Santo Padre. \u201cE hoje \u2013 ressaltou \u2013 todos n\u00f3s, irm\u00e3os e irm\u00e3s de todas as tradi\u00e7\u00f5es religiosas, rezamos: dia de ora\u00e7\u00e3o e de jejum, de penit\u00eancia, convocado pelo Alto Comit\u00ea para a Fraternidade Humana. Cada um de n\u00f3s reza, as comunidades rezam, as confiss\u00f5es religiosas rezam: rezam a Deus, todos irm\u00e3os, unidos na fraternidade que nos une neste momento de dor e de trag\u00e9dia.\u201d<\/p>\n\n\n\n<p>\u201cN\u00f3s n\u00e3o esper\u00e1vamos esta pandemia, veio sem que n\u00f3s a esper\u00e1ssemos, mas agora est\u00e1 a\u00ed. E muitas pessoas morrem. E muitas pessoas morrem sozinhas e muita gente morre sem poder fazer nada. Muitas vezes se pode pensar: \u2018N\u00e3o me diz respeito, gra\u00e7as a Deus me salvei\u2019. Mas pense nos outros! Pense na trag\u00e9dia e tamb\u00e9m nas consequ\u00eancias econ\u00f4micas, nas consequ\u00eancias sobre a educa\u00e7\u00e3o\u201d e \u201cnaquilo que vir\u00e1 depois. E por isso hoje, todos, irm\u00e3os e irm\u00e3s, de toda e qualquer confiss\u00e3o religiosa, rezemos a Deus\u201d.<\/p>\n\n\n\n<p>\u201cTalvez \u2013 observou o Papa \u2013 algu\u00e9m possa dizer: &nbsp;\u2018Mas isso \u00e9 relativismo religioso e n\u00e3o se pode fazer\u2019. Como n\u00e3o se pode fazer, rezar ao Pai de todos? Cada um reza como sabe, como pode\u201d, segundo a pr\u00f3pria cultura. \u201cN\u00f3s n\u00e3o estamos rezando um contra o outro, esta tradi\u00e7\u00e3o religiosa contra aquela, n\u00e3o! Estamos todos unidos como&nbsp;<strong>seres<\/strong>&nbsp;humanos, como irm\u00e3os, rezando a Deus, segundo a pr\u00f3pria cultura, segundo a pr\u00f3pria tradi\u00e7\u00e3o, segundo os pr\u00f3prios credos, mas irm\u00e3os rezando a Deus, isso \u00e9 importante: irm\u00e3os, fazendo jejum, pedindo perd\u00e3o a Deus pelos nossos pecados, para que o Senhor tenha miseric\u00f3rdia de n\u00f3s, para que o Senhor nos perdoe, para que o Senhor detenha esta pandemia. Hoje \u00e9 um dia de fraternidade, olhando para o \u00fanico Pai, irm\u00e3os e paternidade. Dia de ora\u00e7\u00e3o.\u201d<\/p>\n\n\n\n<p>Esta pandemia \u2013 disse Francisco \u2013 \u201cveio como um dil\u00favio, veio abruptamente. Agora estamos nos acordando um pouco. Mas existem tantas outras pandemias que fazem as pessoas morrer e n\u00e3o nos damos conta disso, olhamos para outro lado. Somos um pouco inconscientes diante das trag\u00e9dias que se verificam no mundo neste momento\u201d.<\/p>\n\n\n\n<p>O Papa citou uma estat\u00edstica oficial, que n\u00e3o fala da pandemia do coronav\u00edrus, mas de outra pandemia: \u201cNos primeiros quatro meses deste ano morreram de fome 3 milh\u00f5es e 700 mil pessoas. Existe a pandemia da fome. Em quatro meses, quase 4 milh\u00f5es de pessoas. Esta ora\u00e7\u00e3o de hoje para pedir que o Senhor detenha esta pandemia nos deve levar a pensar nas outras pandemias do mundo. H\u00e1 muitas pandemias! A pandemia das guerras, da fome e muitas outras. Mas o importante \u00e9 que, hoje, juntos e gra\u00e7as \u00e0 coragem que o Alto Comit\u00ea para a Fraternidade Humana teve, juntos fomos convidados a rezar cada um segundo a pr\u00f3pria tradi\u00e7\u00e3o e a fazer um dia de penit\u00eancia de jejum e tamb\u00e9m de caridade, de ajuda aos outros. Isso \u00e9 importante. No livro de Jonas ouvimos que o Senhor, quando viu como o povo tinha reagido \u2013 tinha se convertido \u2013, o Senhor cessou, desistiu daquilo que Ele queria fazer\u201d.<\/p>\n\n\n\n<p>\u201cQue Deus detenha esta trag\u00e9dia \u2013 foi a ora\u00e7\u00e3o do Papa Francisco \u2013, que detenha esta pandemia. Que Deus tenha piedade de n\u00f3s e que cesse tamb\u00e9m as outras pandemias t\u00e3o ruins: a da fome, a da guerra, a das crian\u00e7as sem instru\u00e7\u00e3o. E pe\u00e7amos isso como irm\u00e3os, todos juntos. Que Deus nos aben\u00e7oe a todos e tenha piedade de n\u00f3s.\u201d<\/p>\n\n\n\n<p><strong>A seguir, o texto da homilia do\u00a0Papa\u00a0Francisco<\/strong><\/p>\n\n\n\n<p><em>Na primeira Leitura ouvimos a hist\u00f3ria de Jonas, num estilo da \u00e9poca. Como havia \u201calguma pandemia\u201d, n\u00e3o sabemos, na cidade de N\u00ednive, talvez uma \u201cpandemia moral\u201d, (a cidade) estava para ser destru\u00edda (conf. Jn 3,1-10). E Deus manda Jonas pregar: ora\u00e7\u00e3o e penit\u00eancia, ora\u00e7\u00e3o e jejum (conf. vers. 7-8). Diante daquela pandemia, Jonas se assustou e fugiu (conf. Jn 1,1-3). Depois o Senhor o chamou pela segunda vez e ele aceitou ir pregar isso (conf. Jn 3,1-2). E hoje todos n\u00f3s, irm\u00e3os e irm\u00e3s de todas as tradi\u00e7\u00f5es religiosas, rezamos: dia de ora\u00e7\u00e3o e de jejum, de penit\u00eancia, convocado pelo Alto Comit\u00ea para a Fraternidade Humana. Cada um de n\u00f3s reza, as comunidades rezam, as confiss\u00f5es religiosas rezam, rezam a Deus: todos irm\u00e3os, unidos na fraternidade que nos une neste momento de dor e de trag\u00e9dia.<\/em><\/p>\n\n\n\n<p><em>N\u00f3s n\u00e3o esper\u00e1vamos esta pandemia, veio sem que n\u00f3s a esper\u00e1ssemos, mas agora est\u00e1 a\u00ed. E muitas pessoas morrem. E muitas pessoas morrem sozinhas e muita gente morre sem poder fazer nada. Muitas vezes se pode pensar: \u201cN\u00e3o me diz respeito, gra\u00e7as a Deus me salvei\u201d. Mas pense nos outros! Pense na trag\u00e9dia e tamb\u00e9m nas consequ\u00eancias econ\u00f4micas, nas consequ\u00eancias sobre a educa\u00e7\u00e3o, as consequ\u00eancias&#8230; naquilo que vir\u00e1 depois. E por isso hoje, todos, irm\u00e3os e irm\u00e3s, de toda e qualquer confiss\u00e3o religiosa, rezemos a Deus.&nbsp;Talvez algu\u00e9m possa dizer: &nbsp;\u201cIsso \u00e9 relativismo religioso e n\u00e3o se pode fazer\u201d. Como n\u00e3o se pode fazer, rezar ao Pai de todos? Cada um reza como sabe, como pode, como recebeu da pr\u00f3pria cultura. N\u00f3s n\u00e3o estamos rezando um contra o outro, esta tradi\u00e7\u00e3o religiosa contra aquela, n\u00e3o! Estamos todos unidos como seres humanos, como irm\u00e3os, rezando a Deus, segundo a pr\u00f3pria cultura, segundo a pr\u00f3pria tradi\u00e7\u00e3o, segundo os pr\u00f3prios credos, mas irm\u00e3os rezando a Deus, isso \u00e9 importante! Irm\u00e3os, fazendo jejum, pedindo perd\u00e3o a Deus pelos nossos pecados, para que o Senhor tenha miseric\u00f3rdia de n\u00f3s, para que o Senhor nos perdoe, para que o Senhor detenha esta pandemia. Hoje \u00e9 um dia de fraternidade, olhando para o \u00fanico Pai, irm\u00e3os e paternidade. Dia de ora\u00e7\u00e3o.<\/em><\/p>\n\n\n\n<p><em>N\u00f3s, no ano passado, ali\u00e1s, em novembro do ano passado, n\u00e3o sab\u00edamos o que era uma pandemia: veio como um dil\u00favio, veio abruptamente. Agora estamos nos acordando um pouco. Mas existem tantas outras pandemias que fazem as pessoas morrer e n\u00e3o nos damos conta disso, olhamos para outro lado. Somos um pouco inconscientes diante das trag\u00e9dias que se verificam no mundo neste momento. Gostaria simplesmente de citar a voc\u00eas uma estat\u00edstica oficial dos primeiros quatro meses deste ano, que n\u00e3o fala da pandemia do coronav\u00edrus, fala de outra. Nos primeiros quatro meses deste ano morreram de fome 3 milh\u00f5es e 700 mil pessoas. Existe a pandemia da fome. Em quatro meses, quase 4 milh\u00f5es de pessoas. Esta ora\u00e7\u00e3o de hoje para pedir que o Senhor detenha esta pandemia nos deve levar a pensar nas outras pandemias do mundo. H\u00e1 muitas pandemias! A pandemia das guerras, da fome e muitas outras. Mas o importante \u00e9 que, hoje &#8211; juntos e gra\u00e7as \u00e0 coragem que o Alto Comit\u00ea para a Fraternidade Humana teve, juntos fomos convidados a rezar cada um segundo a pr\u00f3pria tradi\u00e7\u00e3o e a fazer um dia de penit\u00eancia de jejum e tamb\u00e9m de caridade, de ajuda aos outros. Isso \u00e9 importante. No livro de Jonas ouvimos que o Senhor, quando viu como o povo tinha reagido \u2013 que tinha se convertido \u2013, o Senhor cessou, desistiu daquilo que Ele queria fazer.<\/em><\/p>\n\n\n\n<p><em>Que Deus detenha esta trag\u00e9dia, que detenha esta pandemia. Que Deus tenha piedade de n\u00f3s e que cesse tamb\u00e9m as outras pandemias t\u00e3o ruins: a da fome, a da guerra, a das crian\u00e7as sem instru\u00e7\u00e3o. E pe\u00e7amos isso como irm\u00e3os, todos juntos. Que Deus nos aben\u00e7oe a todos e tenha piedade de n\u00f3s.<\/em><\/p>\n\n\n\n<p><strong>O Papa convidou a fazer a Comunh\u00e3o espiritual com a seguinte ora\u00e7\u00e3o:<\/strong><\/p>\n\n\n\n<p><em>Meu Jesus, eu creio que estais realmente presente no Sant\u00edssimo Sacramento do Altar. Amo-vos sobre todas as coisas, e minha alma suspira por V\u00f3s. Mas, como n\u00e3o posso receber-Vos agora no Sant\u00edssimo Sacramento, vinde, ao menos espiritualmente, a meu cora\u00e7\u00e3o. Abra\u00e7o-me convosco como se j\u00e1 estiv\u00e9sseis comigo: uno-me Convosco inteiramente. Ah! n\u00e3o permitais que torne a separar-me de V\u00f3s!<\/em><\/p>\n\n\n\n<p>Francisco terminou a celebra\u00e7\u00e3o com adora\u00e7\u00e3o e a b\u00ean\u00e7\u00e3o eucar\u00edstica. No final da Missa, o Papa agradeceu a Tommaso Pallottino, o t\u00e9cnico de som do Dicast\u00e9rio para a Comunica\u00e7\u00e3o que o acompanhou nestas transmiss\u00f5es ao vivo e hoje era seu \u00faltimo dia de trabalho antes da aposentadoria: \u201cQue o Senhor \u2013 pediu o Santo Padre \u2013 o aben\u00e7oe e o acompanhe na nova etapa da vida\u201d. Antes de deixar a Capela dedicada ao Esp\u00edrito Santo, foi entoada a&nbsp;<strong>ant\u00edfona mariana&nbsp;\u201cRegina caeli\u201d,<\/strong>&nbsp;cantada no tempo pascal:<\/p>\n\n\n\n<p> <em>Rainha dos c\u00e9us, alegrai-vos. Aleluia!<\/em> <br><em>Porque Aquele que merecestes trazer em vosso seio. Aleluia!<\/em><br><em>Ressuscitou como disse. Aleluia!<\/em><br><em>Rogai por n\u00f3s a Deus. Aleluia!<\/em> <br><em>Alegrai-vos e exultai, \u00f3 Virgem Maria. Aleluia!<\/em><br><em>&nbsp;Porque o Senhor ressuscitou, verdadeiramente. Aleluia!<\/em><br><\/p>\n\n\n\n<p><em> <\/em><\/p>\n\n\n\n<h2 class=\"wp-block-heading\">V\u00eddeo integral da Missa<\/h2>\n\n\n\n<figure class=\"wp-block-embed-youtube wp-block-embed is-type-video is-provider-youtube wp-embed-aspect-16-9 wp-has-aspect-ratio\"><div class=\"wp-block-embed__wrapper\">\n<iframe loading=\"lazy\" width=\"500\" height=\"281\" src=\"https:\/\/www.youtube.com\/embed\/J-t2PNhlAZE?feature=oembed\" frameborder=\"0\" allow=\"accelerometer; autoplay; encrypted-media; gyroscope; picture-in-picture\" allowfullscreen><\/iframe>\n<\/div><\/figure>\n","protected":false},"excerpt":{"rendered":"<p>Francisco presidiu a Missa na Casa Santa Marta, no Vaticano, na manh\u00e3 desta quinta-feira, 14 de maio, data em que a Igreja celebra em seu calend\u00e1rio lit\u00fargico a Festa de S\u00e3o Matias Ap\u00f3stolo&#8230;.<\/p>\n","protected":false},"author":2,"featured_media":13608,"comment_status":"open","ping_status":"open","sticky":false,"template":"","format":"standard","meta":[],"categories":[1],"tags":[],"_links":{"self":[{"href":"https:\/\/www.salvatorianas.org.br\/blog\/wp-json\/wp\/v2\/posts\/13606"}],"collection":[{"href":"https:\/\/www.salvatorianas.org.br\/blog\/wp-json\/wp\/v2\/posts"}],"about":[{"href":"https:\/\/www.salvatorianas.org.br\/blog\/wp-json\/wp\/v2\/types\/post"}],"author":[{"embeddable":true,"href":"https:\/\/www.salvatorianas.org.br\/blog\/wp-json\/wp\/v2\/users\/2"}],"replies":[{"embeddable":true,"href":"https:\/\/www.salvatorianas.org.br\/blog\/wp-json\/wp\/v2\/comments?post=13606"}],"version-history":[{"count":3,"href":"https:\/\/www.salvatorianas.org.br\/blog\/wp-json\/wp\/v2\/posts\/13606\/revisions"}],"predecessor-version":[{"id":13611,"href":"https:\/\/www.salvatorianas.org.br\/blog\/wp-json\/wp\/v2\/posts\/13606\/revisions\/13611"}],"wp:featuredmedia":[{"embeddable":true,"href":"https:\/\/www.salvatorianas.org.br\/blog\/wp-json\/wp\/v2\/media\/13608"}],"wp:attachment":[{"href":"https:\/\/www.salvatorianas.org.br\/blog\/wp-json\/wp\/v2\/media?parent=13606"}],"wp:term":[{"taxonomy":"category","embeddable":true,"href":"https:\/\/www.salvatorianas.org.br\/blog\/wp-json\/wp\/v2\/categories?post=13606"},{"taxonomy":"post_tag","embeddable":true,"href":"https:\/\/www.salvatorianas.org.br\/blog\/wp-json\/wp\/v2\/tags?post=13606"}],"curies":[{"name":"wp","href":"https:\/\/api.w.org\/{rel}","templated":true}]}}