{"id":1352,"date":"2016-01-17T00:00:00","date_gmt":"2016-01-17T00:00:00","guid":{"rendered":"https:\/\/www.salvatorianas.org.br\/blog\/dom-casaldaliga-88-anos-nao-volto-mais-a-europa-fico-aqui-no-terceiro-mundo\/"},"modified":"2016-01-17T00:00:00","modified_gmt":"2016-01-17T00:00:00","slug":"dom-casaldaliga-88-anos-nao-volto-mais-a-europa-fico-aqui-no-terceiro-mundo","status":"publish","type":"post","link":"https:\/\/www.salvatorianas.org.br\/blog\/dom-casaldaliga-88-anos-nao-volto-mais-a-europa-fico-aqui-no-terceiro-mundo\/","title":{"rendered":"Dom Casald\u00e1liga, 88 anos: &#8220;N\u00e3o volto mais \u00e0 Europa, fico aqui no Terceiro Mundo&#8221;"},"content":{"rendered":"<p style=\"text-align: justify;\">[imagem1]<\/p>\n<p style=\"text-align: justify;\">&nbsp;<\/p>\n<p style=\"text-align: justify;\">&#8220;Meu sonho era ir para a &Aacute;frica quando chegasse o momento da aposentadoria, para viver na ora&ccedil;&atilde;o e na solidariedade com os irm&atilde;os daquele continente de marginalizados. A sa&uacute;de, por&eacute;m, n&atilde;o ajuda o meu sonho e n&atilde;o quero ser um peso para ningu&eacute;m. Assim sendo, para a Europa eu n&atilde;o volto mais. Fico aqui no Terceiro Mundo&rdquo;. &Eacute; o que diz o bispo em&eacute;rito da prelazia de S&atilde;o F&eacute;lix do Araguaia (Mato Grosso) na Amaz&ocirc;nia, em uma breve mensagem, enviada tamb&eacute;m &agrave; Fides.<\/p>\n<p style=\"text-align: justify;\">O bispo espanhol Pedro Casald&aacute;liga, que no pr&oacute;ximo dia 16 de fevereiro completar&aacute; 88 anos e h&aacute; alguns anos sofre de Mal de Parkinson, &eacute; considerado a voz dos pobres, dos ind&iacute;genas e dos sem-terra da Amaz&ocirc;nia brasileira. No Brasil desde 1968, depois de passar sete anos como mission&aacute;rio na Guin&eacute; Equatorial, claretiano (CMF), &eacute; um dos representantes da teologia da liberta&ccedil;&atilde;o e criticou asperamente a ditadura militar que governou o Brasil entre 1964 e 1985.<\/p>\n<p style=\"text-align: justify;\">N&atilde;o obstante as cont&iacute;nuas amea&ccedil;as de morte recebidas praticamente durante toda a vida, sempre se recusou a abandonar a realidade amaz&ocirc;nica. Em 2012 foi obrigado a deixar a regi&atilde;o por um per&iacute;odo de tempo por causa do agravamento das amea&ccedil;as, ap&oacute;s suas declara&ccedil;&otilde;es em favor dos ind&iacute;genas Xavante em uma disputa com os fazendeiros sobre a propriedade de terras nas redondezas de S&atilde;o F&eacute;lix. Cinco anos atr&aacute;s, o governo brasileiro lhe conferiu um pr&ecirc;mio especial por seu trabalho em favor dos direitos humanos.<\/p>\n<p style=\"text-align: justify;\">&nbsp;<\/p>\n<p style=\"text-align: justify;\">Fonte: POM<\/p>\n<p style=\"text-align: justify;\">&nbsp;<\/p>\n<p style=\"text-align: justify;\">&nbsp;<\/p>\n","protected":false},"excerpt":{"rendered":"<p>[imagem1] &nbsp; &#8220;Meu sonho era ir para a &Aacute;frica quando chegasse o momento da aposentadoria, para viver na ora&ccedil;&atilde;o e na solidariedade com os irm&atilde;os daquele continente de marginalizados. A sa&uacute;de, por&eacute;m, n&atilde;o&#8230;<\/p>\n","protected":false},"author":1,"featured_media":1518,"comment_status":"open","ping_status":"open","sticky":false,"template":"","format":"standard","meta":[],"categories":[1],"tags":[],"_links":{"self":[{"href":"https:\/\/www.salvatorianas.org.br\/blog\/wp-json\/wp\/v2\/posts\/1352"}],"collection":[{"href":"https:\/\/www.salvatorianas.org.br\/blog\/wp-json\/wp\/v2\/posts"}],"about":[{"href":"https:\/\/www.salvatorianas.org.br\/blog\/wp-json\/wp\/v2\/types\/post"}],"author":[{"embeddable":true,"href":"https:\/\/www.salvatorianas.org.br\/blog\/wp-json\/wp\/v2\/users\/1"}],"replies":[{"embeddable":true,"href":"https:\/\/www.salvatorianas.org.br\/blog\/wp-json\/wp\/v2\/comments?post=1352"}],"version-history":[{"count":0,"href":"https:\/\/www.salvatorianas.org.br\/blog\/wp-json\/wp\/v2\/posts\/1352\/revisions"}],"wp:featuredmedia":[{"embeddable":true,"href":"https:\/\/www.salvatorianas.org.br\/blog\/wp-json\/wp\/v2\/media\/1518"}],"wp:attachment":[{"href":"https:\/\/www.salvatorianas.org.br\/blog\/wp-json\/wp\/v2\/media?parent=1352"}],"wp:term":[{"taxonomy":"category","embeddable":true,"href":"https:\/\/www.salvatorianas.org.br\/blog\/wp-json\/wp\/v2\/categories?post=1352"},{"taxonomy":"post_tag","embeddable":true,"href":"https:\/\/www.salvatorianas.org.br\/blog\/wp-json\/wp\/v2\/tags?post=1352"}],"curies":[{"name":"wp","href":"https:\/\/api.w.org\/{rel}","templated":true}]}}