{"id":1332,"date":"2016-01-21T00:00:00","date_gmt":"2016-01-21T00:00:00","guid":{"rendered":"https:\/\/www.salvatorianas.org.br\/blog\/semana-de-oracao-pela-unidade-dos-cristaos-recorda-obras-de-misericordia\/"},"modified":"2016-01-21T00:00:00","modified_gmt":"2016-01-21T00:00:00","slug":"semana-de-oracao-pela-unidade-dos-cristaos-recorda-obras-de-misericordia","status":"publish","type":"post","link":"https:\/\/www.salvatorianas.org.br\/blog\/semana-de-oracao-pela-unidade-dos-cristaos-recorda-obras-de-misericordia\/","title":{"rendered":"Semana de Ora\u00e7\u00e3o pela Unidade dos Crist\u00e3os recorda obras de miseric\u00f3rdia"},"content":{"rendered":"<p style=\"text-align: justify;\">[imagem1]<\/p>\n<p style=\"text-align: justify;\">&nbsp;<\/p>\n<p style=\"text-align: justify;\">&nbsp;<\/p>\n<p style=\"text-align: justify;\">&ldquo;N&oacute;s crist&atilde;os podemos anunciar a todos a for&ccedil;a do Evangelho empenhando-nos em partilhar as obras de miseric&oacute;rdia corporais e espirituais. E este &eacute; um testemunho concreto de unidade entre n&oacute;s crist&atilde;os: protestantes, ortodoxos, cat&oacute;licos&rdquo;, disse o papa Francisco durante a Catequese, da quarta-feira, 20 de janeiro, no Vaticano.<\/p>\n<p style=\"text-align: justify;\">O papa recordou, na reflex&atilde;o, a Semana de Ora&ccedil;&atilde;o pela Unidade dos Crist&atilde;os celebrada de 18 a&nbsp;25 deste m&ecirc;s, e&nbsp;motiva para a viv&ecirc;ncia da miseric&oacute;rdia. Ainda, na Catequese, Francisco falou que o batismo une os crist&atilde;os em uma mesma causa que &eacute; o an&uacute;ncio do Evangelho. &ldquo;A miseric&oacute;rdia de Deus, que trabalha no Batismo, &eacute; mais forte que as nossas divis&otilde;es&rdquo;, concluiu.&nbsp;<\/p>\n<p style=\"text-align: justify;\">&nbsp;<\/p>\n<p style=\"text-align: justify;\">&nbsp;<\/p>\n<p style=\"text-align: justify;\"><strong>Confira a &iacute;ntegra da mensagem:<\/strong><\/p>\n<p style=\"text-align: justify;\">Queridos irm&atilde;os e irm&atilde;s, bom dia!<\/p>\n<p style=\"text-align: justify;\">Ouvimos o texto b&iacute;blico que este ano guia a reflex&atilde;o na Semana de Ora&ccedil;&atilde;o pela Unidade dos Crist&atilde;os, que vai de 18 a 25 de janeiro: esta semana. Tal trecho da Primeira Carta de S&atilde;o Pedro foi escolhido por um grupo ecum&ecirc;nico da Let&ocirc;nia, encarregado pelo Conselho Ecum&ecirc;nico das Igrejas e pelo Pontif&iacute;cio Conselho para a promo&ccedil;&atilde;o da unidade dos crist&atilde;os.<\/p>\n<p style=\"text-align: justify;\">No centro da catedral luterana de Riga h&aacute; uma pia batismal que remonta ao s&eacute;culo XII, ao tempo em que a Let&ocirc;nia foi evangelizada por S&atilde;o Mainardo. Aquela fonte &eacute; sinal eloquente de uma origem de f&eacute; reconhecida por todos os crist&atilde;os da Let&ocirc;nia, cat&oacute;licos, luteranos e ortodoxos. Tal origem &eacute; o nosso comum Batismo. O Conc&iacute;lio Vaticano II afirma que &ldquo;o Batismo constitui o v&iacute;nculo sacramental da unidade que vigora entre todos aqueles que, por meio desse, foram regenerados&rdquo; (Unitatis redintegratio, 22). A Primeira Carta de Pedro &eacute; dirigida &agrave; primeira gera&ccedil;&atilde;o dos crist&atilde;os para torn&aacute;-los conscientes do dom recebido com o Batismo e das exig&ecirc;ncias que este comporta. Tamb&eacute;m n&oacute;s, nesta Semana de Ora&ccedil;&atilde;o, somos convidados a redescobrir tudo isso e a faz&ecirc;-lo juntos, indo al&eacute;m das nossas divis&otilde;es.<\/p>\n<p style=\"text-align: justify;\">Antes de tudo, partilhar o Batismo significa que todos somos pecadores e precisamos ser salvos, redimidos, libertos do mal. &Eacute; este o aspecto negativo que a Primeira Carta de Pedro chama &ldquo;trevas&rdquo; quando diz &ldquo;[Deus] vos chamou fora das trevas para conduzir-vos na sua luz maravilhosa&rdquo;. Esta &eacute; a experi&ecirc;ncia da morte, que Cristo fez sua, e que est&aacute; simbolizada no Batismo quando somos imersos na &aacute;gua e &agrave; qual segue o ressurgir, s&iacute;mbolo da ressurrei&ccedil;&atilde;o &agrave; vida nova em Cristo. Quando n&oacute;s crist&atilde;os dizemos partilhar um s&oacute; Batismo, afirmamos que todos n&oacute;s &ndash; cat&oacute;licos, protestantes e ortodoxos &ndash; partilhamos a experi&ecirc;ncia de sermos chamados das trevas impiedosas e alienantes ao encontro com o Deus vivo, cheio de miseric&oacute;rdia. Todos, de fato, infelizmente, fazemos a experi&ecirc;ncia do ego&iacute;smo, que gera divis&atilde;o, fechamento, desprezo. Partir novamente do Batismo quer dizer reencontrar a fonte da miseric&oacute;rdia, fonte de esperan&ccedil;a para todos, porque ningu&eacute;m est&aacute; exclu&iacute;do da miseric&oacute;rdia de Deus.<\/p>\n<p style=\"text-align: justify;\">A partilha dessa gra&ccedil;a cria uma liga&ccedil;&atilde;o indissol&uacute;vel entre n&oacute;s crist&atilde;os, de forma que, em virtude do Batismo, podemos nos considerar todos realmente irm&atilde;os. Somos realmente povo santo de Deus mesmo se, por causa dos nossos pecados, n&atilde;o somos ainda um povo plenamente unido. A miseric&oacute;rdia de Deus, que trabalha no Batismo, &eacute; mais forte que as nossas divis&otilde;es. &Agrave; medida em que acolhemos a gra&ccedil;a da miseric&oacute;rdia, nos tornamos sempre mais plenamente povo de Deus e nos tornamos tamb&eacute;m capazes de anunciar a todos as suas obras maravilhosas, justamente a partir de um simples e fraterno testemunho de unidade. N&oacute;s crist&atilde;os podemos anunciar a todos a for&ccedil;a do Evangelho empenhando-nos em partilhar as obras de miseric&oacute;rdia corporais e espirituais. E este &eacute; um testemunho concreto de unidade entre n&oacute;s crist&atilde;os: protestantes, ortodoxos, cat&oacute;licos.<\/p>\n<p style=\"text-align: justify;\">Em conclus&atilde;o, queridos irm&atilde;os e irm&atilde;s, todos n&oacute;s crist&atilde;os, pela gra&ccedil;a do Batismo, recebemos a miseric&oacute;rdia de Deus e fomos acolhidos no seu povo. Todos, cat&oacute;licos, ortodoxos e protestantes, formamos um sacerd&oacute;cio real e uma na&ccedil;&atilde;o santa. Isso significa que temos uma miss&atilde;o comum, que &eacute; aquela de transmitir a miseric&oacute;rdia recebida aos outros, come&ccedil;ando pelos mais pobres e abandonados. Durante esta Semana de Ora&ccedil;&atilde;o, rezemos para que todos n&oacute;s disc&iacute;pulos de Cristo encontremos o modo de colaborarmos juntos para levar a miseric&oacute;rdia do Pai a todas as partes da terra.<\/p>\n<p>Fonte: CNBB<\/p>\n<p>&nbsp;<\/p>\n<p>&nbsp;<\/p>\n","protected":false},"excerpt":{"rendered":"<p>[imagem1] &nbsp; &nbsp; &ldquo;N&oacute;s crist&atilde;os podemos anunciar a todos a for&ccedil;a do Evangelho empenhando-nos em partilhar as obras de miseric&oacute;rdia corporais e espirituais. E este &eacute; um testemunho concreto de unidade entre n&oacute;s&#8230;<\/p>\n","protected":false},"author":1,"featured_media":1661,"comment_status":"open","ping_status":"open","sticky":false,"template":"","format":"standard","meta":[],"categories":[1],"tags":[],"_links":{"self":[{"href":"https:\/\/www.salvatorianas.org.br\/blog\/wp-json\/wp\/v2\/posts\/1332"}],"collection":[{"href":"https:\/\/www.salvatorianas.org.br\/blog\/wp-json\/wp\/v2\/posts"}],"about":[{"href":"https:\/\/www.salvatorianas.org.br\/blog\/wp-json\/wp\/v2\/types\/post"}],"author":[{"embeddable":true,"href":"https:\/\/www.salvatorianas.org.br\/blog\/wp-json\/wp\/v2\/users\/1"}],"replies":[{"embeddable":true,"href":"https:\/\/www.salvatorianas.org.br\/blog\/wp-json\/wp\/v2\/comments?post=1332"}],"version-history":[{"count":0,"href":"https:\/\/www.salvatorianas.org.br\/blog\/wp-json\/wp\/v2\/posts\/1332\/revisions"}],"wp:featuredmedia":[{"embeddable":true,"href":"https:\/\/www.salvatorianas.org.br\/blog\/wp-json\/wp\/v2\/media\/1661"}],"wp:attachment":[{"href":"https:\/\/www.salvatorianas.org.br\/blog\/wp-json\/wp\/v2\/media?parent=1332"}],"wp:term":[{"taxonomy":"category","embeddable":true,"href":"https:\/\/www.salvatorianas.org.br\/blog\/wp-json\/wp\/v2\/categories?post=1332"},{"taxonomy":"post_tag","embeddable":true,"href":"https:\/\/www.salvatorianas.org.br\/blog\/wp-json\/wp\/v2\/tags?post=1332"}],"curies":[{"name":"wp","href":"https:\/\/api.w.org\/{rel}","templated":true}]}}