{"id":1324,"date":"2016-01-22T00:00:00","date_gmt":"2016-01-22T00:00:00","guid":{"rendered":"https:\/\/www.salvatorianas.org.br\/blog\/mulheres-sao-incluidas-no-rito-do-lava-pes\/"},"modified":"2016-01-22T00:00:00","modified_gmt":"2016-01-22T00:00:00","slug":"mulheres-sao-incluidas-no-rito-do-lava-pes","status":"publish","type":"post","link":"https:\/\/www.salvatorianas.org.br\/blog\/mulheres-sao-incluidas-no-rito-do-lava-pes\/","title":{"rendered":"Mulheres s\u00e3o inclu\u00eddas no rito do Lava-p\u00e9s"},"content":{"rendered":"<p style=\"text-align: justify;\">[imagem1]<\/p>\n<p style=\"text-align: justify;\">&nbsp;<\/p>\n<p style=\"text-align: justify;\">O Papa Francisco decidiu fazer uma mudan&ccedil;a nas rubricas do Missal Romano relativas ao Rito do &#8220;Lava p&eacute;s&#8221; contido na Missa da Santa Ceia: de agora em diante, entre as pessoas escolhidas pelos pastores poder&atilde;o ser inclu&iacute;das tamb&eacute;m as mulheres.<\/p>\n<p style=\"text-align: justify;\">O Papa explica sua decis&atilde;o numa Carta endere&ccedil;ada ao prefeito da Congrega&ccedil;&atilde;o para o Culto Divino e a Disciplina dos Sacramentos, Cardeal Robert Sarah. Por conseguinte, o referido Dicast&eacute;rio vaticano emitiu um Decreto a prop&oacute;sito.<\/p>\n<p style=\"text-align: justify;\"><strong>Expressar a caridade sem limites de Jesus<\/strong><\/p>\n<p style=\"text-align: justify;\">&#8220;Expressar plenamente o significado do gesto realizado por Jesus no Cen&aacute;culo, o seu doar-se &#8216;completamente&#8217;, para a salva&ccedil;&atilde;o do mundo, a sua caridade sem limites&#8221;: com essas palavras, o Papa Francisco explica, na Carta ao Cardeal Sarah, a decis&atilde;o de modificar a rubrica do Missal Romano que indica as pessoas escolhidas para receber o &#8220;Lava-p&eacute;s&#8221; durante a Missa da Santa Ceia, na Quinta-feira Santa.<\/p>\n<p style=\"text-align: justify;\"><strong>Inclu&iacute;das as mulheres entre os fi&eacute;is escolhidos<\/strong><\/p>\n<p style=\"text-align: justify;\">A decis&atilde;o do Papa, tomada &#8220;ap&oacute;s atenta pondera&ccedil;&atilde;o&#8221;, explica o pr&oacute;prio Pont&iacute;fice, faz de modo que &#8220;de agora em diante os pastores da Igreja possam escolher os participantes para o rito entre todos os membros do povo de Deus&#8221;.<\/p>\n<p style=\"text-align: justify;\">Efetivamente, se antes estes deviam ser homens adultos ou jovens, agora &ndash; explica o decreto da Congrega&ccedil;&atilde;o para o Culto Divino &ndash; poder&atilde;o ser quer homens, quer mulheres, &#8220;convenientemente jovens e idosos, sadios e doentes, cl&eacute;rigos, consagrados e leigos&#8221;, inclu&iacute;dos casados e solteiros.<\/p>\n<p style=\"text-align: justify;\">&#8220;Esse pequeno grupo de fi&eacute;is dever&aacute; representar a variedade e a unidade de cada por&ccedil;&atilde;o do povo de Deus&#8221;, ressalta o Dicast&eacute;rio, sem especificar o seu n&uacute;mero.<\/p>\n<p style=\"text-align: justify;\"><strong>Explicar adequadamente aos escolhidos o significado do rito<\/strong><\/p>\n<p style=\"text-align: justify;\">Ademais, o Santo Padre recomenda que &#8220;seja dada aos escolhidos uma adequada explica&ccedil;&atilde;o do significado do pr&oacute;prio rito&#8221;. Cabe a estes &ndash; escreve o secret&aacute;rio da Congrega&ccedil;&atilde;o para o Culto Divino, Dom Arthur Roche, num artigo para o L&#8217;Osservatore Romano &ndash; oferecer com simplicidade a sua disponibilidade.<\/p>\n<p style=\"text-align: justify;\">&#8220;Cabe a quem cuida das celebra&ccedil;&otilde;es lit&uacute;rgicas preparar e dispor todo necess&aacute;rio para ajudar todos a participar frutuosamente deste momento: a vida de todo disc&iacute;pulo do Senhor &eacute; memorial (anamnesi) do &#8216;mandamento novo&#8217; ouvido no Evangelho.&#8221;<\/p>\n<p style=\"text-align: justify;\"><strong>Gesto j&aacute; realizado pelo Papa Francisco<\/strong><\/p>\n<p style=\"text-align: justify;\">Vale recordar que o Papa Francisco j&aacute; realizou o rito do Lava-p&eacute;s com a participa&ccedil;&atilde;o de algumas mulheres, por exemplo, na Quinta-feira Santa do ano passado, quando celebrou, em Roma, a missa da Ceia do Senhor no C&aacute;rcere de Rebibia. (RL)<\/p>\n<p style=\"text-align: justify;\">&nbsp;<\/p>\n<p style=\"text-align: justify;\">Fonte: R&aacute;dio Vaticano&nbsp;<\/p>\n<h5>&nbsp;<\/h5>\n<p style=\"text-align: justify;\">&nbsp;<\/p>\n","protected":false},"excerpt":{"rendered":"<p>[imagem1] &nbsp; O Papa Francisco decidiu fazer uma mudan&ccedil;a nas rubricas do Missal Romano relativas ao Rito do &#8220;Lava p&eacute;s&#8221; contido na Missa da Santa Ceia: de agora em diante, entre as pessoas&#8230;<\/p>\n","protected":false},"author":1,"featured_media":1674,"comment_status":"open","ping_status":"open","sticky":false,"template":"","format":"standard","meta":[],"categories":[1],"tags":[],"_links":{"self":[{"href":"https:\/\/www.salvatorianas.org.br\/blog\/wp-json\/wp\/v2\/posts\/1324"}],"collection":[{"href":"https:\/\/www.salvatorianas.org.br\/blog\/wp-json\/wp\/v2\/posts"}],"about":[{"href":"https:\/\/www.salvatorianas.org.br\/blog\/wp-json\/wp\/v2\/types\/post"}],"author":[{"embeddable":true,"href":"https:\/\/www.salvatorianas.org.br\/blog\/wp-json\/wp\/v2\/users\/1"}],"replies":[{"embeddable":true,"href":"https:\/\/www.salvatorianas.org.br\/blog\/wp-json\/wp\/v2\/comments?post=1324"}],"version-history":[{"count":0,"href":"https:\/\/www.salvatorianas.org.br\/blog\/wp-json\/wp\/v2\/posts\/1324\/revisions"}],"wp:featuredmedia":[{"embeddable":true,"href":"https:\/\/www.salvatorianas.org.br\/blog\/wp-json\/wp\/v2\/media\/1674"}],"wp:attachment":[{"href":"https:\/\/www.salvatorianas.org.br\/blog\/wp-json\/wp\/v2\/media?parent=1324"}],"wp:term":[{"taxonomy":"category","embeddable":true,"href":"https:\/\/www.salvatorianas.org.br\/blog\/wp-json\/wp\/v2\/categories?post=1324"},{"taxonomy":"post_tag","embeddable":true,"href":"https:\/\/www.salvatorianas.org.br\/blog\/wp-json\/wp\/v2\/tags?post=1324"}],"curies":[{"name":"wp","href":"https:\/\/api.w.org\/{rel}","templated":true}]}}