{"id":1317,"date":"2016-01-24T00:00:00","date_gmt":"2016-01-24T00:00:00","guid":{"rendered":"https:\/\/www.salvatorianas.org.br\/blog\/campanha-da-fraternidade-ecumenica-2016-oferece-subsidios-para-criancas-jovens-e-adultos\/"},"modified":"2016-01-24T00:00:00","modified_gmt":"2016-01-24T00:00:00","slug":"campanha-da-fraternidade-ecumenica-2016-oferece-subsidios-para-criancas-jovens-e-adultos","status":"publish","type":"post","link":"https:\/\/www.salvatorianas.org.br\/blog\/campanha-da-fraternidade-ecumenica-2016-oferece-subsidios-para-criancas-jovens-e-adultos\/","title":{"rendered":"Campanha da Fraternidade Ecum\u00eanica 2016 oferece subs\u00eddios para crian\u00e7as, jovens e adultos"},"content":{"rendered":"<p>[imagem1]<\/p>\n<p>Diferentes subs&iacute;dios foram produzidos pela comiss&atilde;o organizadora da Campanha da Fraternidade Ecum&ecirc;nica 2016. O manual da CFE 2016 est&aacute; organizado por tem&aacute;ticas. Al&eacute;m da ora&ccedil;&atilde;o, hino, apresenta&ccedil;&atilde;o e texto-base, s&atilde;o oferecidos 11 encontros, com abordagens espec&iacute;ficas de acordo com cada p&uacute;blico.<\/p>\n<p>As Edi&ccedil;&otilde;es CNBB publicaram os subs&iacute;dios da Campanha da Fraternidade, sendo roteiros para C&iacute;rculos B&iacute;blicos, Encontros Catequ&eacute;ticos para crian&ccedil;as e adolescentes, Encontros para jovens do Ensino Fundamental I e II, Ensino M&eacute;dio, Encontros para Fam&iacute;lias e Via-Sacra Ecum&ecirc;nicas, al&eacute;m de Vig&iacute;lias e celebra&ccedil;&atilde;o da miseric&oacute;rdia.&nbsp;<\/p>\n<p><strong>Reflex&atilde;o<\/strong><\/p>\n<p>A Campanha da Fraternidade Ecum&ecirc;nica 2016 ter&aacute; in&iacute;cio na Quarta-feira de Cinzas, 10 de fevereiro, e prosseguir&aacute; at&eacute; o Domingo de Ramos, 20 de mar&ccedil;o. A reflex&atilde;o central da CEF traz como tema &ldquo;Casa comum, nossa responsabilidade&rdquo; e o lema &ldquo;Quero ver o direito brotar como fonte e correr a justi&ccedil;a qual riacho que n&atilde;o seca&rdquo; (Am 5.24).<\/p>\n<p>Este ano, a Campanha da Fraternidade &eacute; realizada pela Confer&ecirc;ncia Nacional dos Bispos do Brasil (CNBB) em parceria com o Conselho Nacional de Igrejas Crist&atilde;s do Brasil (Conic). &nbsp;A proposta est&aacute; em sintonia com a Enc&iacute;clica do papa Francisco, &ldquo;Laudato Si, visando debater com a sociedade quest&otilde;es do saneamento b&aacute;sico a fim de garantir desenvolvimento, sa&uacute;de integral e qualidade de vida aos cidad&atilde;os.<\/p>\n<p><strong>Lan&ccedil;amento<\/strong><\/p>\n<p>A CFE 2016 ser&aacute; oficialmente lan&ccedil;ada no dia 10 de fevereiro, na sede da Confer&ecirc;ncia Nacional dos Bispos do Brasil (CNBB), em Bras&iacute;lia. Haver&aacute; transmiss&atilde;o, ao vivo, pelas emissoras de inspira&ccedil;&atilde;o cat&oacute;lica e pela Rede Cat&oacute;lica de R&aacute;dio (RCR).&nbsp;<\/p>\n<p>A Comiss&atilde;o Executiva da CF 2015, tamb&eacute;m, disponibiliza materiais para serem baixados, com objetivo de auxiliar na forma&ccedil;&atilde;o sobre a Campanha nas dioceses e par&oacute;quias.&nbsp;<a href=\"http:\/\/campanhas.cnbb.org.br\/campanha\/campanha-da-fraternidade-2016\" target=\"_blank\">Confira aqui.<\/a><\/p>\n<p>Para adquirir acesse o site: <a href=\"http:\/\/www.edicoescnbb.com.br\/\" target=\"_blank\">www.edicoescnbb.com.br<\/a>&nbsp;ou pelo televendas: (61) 2193.3019.<\/p>\n<p>&nbsp;<\/p>\n<p>Fonte: CNBB<\/p>\n<p>&nbsp;<\/p>\n<p>&nbsp;<\/p>\n","protected":false},"excerpt":{"rendered":"<p>[imagem1] Diferentes subs&iacute;dios foram produzidos pela comiss&atilde;o organizadora da Campanha da Fraternidade Ecum&ecirc;nica 2016. O manual da CFE 2016 est&aacute; organizado por tem&aacute;ticas. Al&eacute;m da ora&ccedil;&atilde;o, hino, apresenta&ccedil;&atilde;o e texto-base, s&atilde;o oferecidos 11&#8230;<\/p>\n","protected":false},"author":1,"featured_media":2164,"comment_status":"open","ping_status":"open","sticky":false,"template":"","format":"standard","meta":[],"categories":[1],"tags":[],"_links":{"self":[{"href":"https:\/\/www.salvatorianas.org.br\/blog\/wp-json\/wp\/v2\/posts\/1317"}],"collection":[{"href":"https:\/\/www.salvatorianas.org.br\/blog\/wp-json\/wp\/v2\/posts"}],"about":[{"href":"https:\/\/www.salvatorianas.org.br\/blog\/wp-json\/wp\/v2\/types\/post"}],"author":[{"embeddable":true,"href":"https:\/\/www.salvatorianas.org.br\/blog\/wp-json\/wp\/v2\/users\/1"}],"replies":[{"embeddable":true,"href":"https:\/\/www.salvatorianas.org.br\/blog\/wp-json\/wp\/v2\/comments?post=1317"}],"version-history":[{"count":0,"href":"https:\/\/www.salvatorianas.org.br\/blog\/wp-json\/wp\/v2\/posts\/1317\/revisions"}],"wp:featuredmedia":[{"embeddable":true,"href":"https:\/\/www.salvatorianas.org.br\/blog\/wp-json\/wp\/v2\/media\/2164"}],"wp:attachment":[{"href":"https:\/\/www.salvatorianas.org.br\/blog\/wp-json\/wp\/v2\/media?parent=1317"}],"wp:term":[{"taxonomy":"category","embeddable":true,"href":"https:\/\/www.salvatorianas.org.br\/blog\/wp-json\/wp\/v2\/categories?post=1317"},{"taxonomy":"post_tag","embeddable":true,"href":"https:\/\/www.salvatorianas.org.br\/blog\/wp-json\/wp\/v2\/tags?post=1317"}],"curies":[{"name":"wp","href":"https:\/\/api.w.org\/{rel}","templated":true}]}}