{"id":1307,"date":"2016-01-26T00:00:00","date_gmt":"2016-01-26T00:00:00","guid":{"rendered":"https:\/\/www.salvatorianas.org.br\/blog\/papa-na-quaresma-sair-da-propria-alienacao-existencial\/"},"modified":"2016-01-26T00:00:00","modified_gmt":"2016-01-26T00:00:00","slug":"papa-na-quaresma-sair-da-propria-alienacao-existencial","status":"publish","type":"post","link":"https:\/\/www.salvatorianas.org.br\/blog\/papa-na-quaresma-sair-da-propria-alienacao-existencial\/","title":{"rendered":"Papa: na Quaresma, sair da pr\u00f3pria aliena\u00e7\u00e3o existencial"},"content":{"rendered":"<p style=\"text-align: justify;\">[imagem1]<\/p>\n<p style=\"text-align: justify;\">&nbsp;<\/p>\n<p style=\"text-align: justify;\">&ldquo;A Quaresma deste Ano Jubilar &eacute; um tempo favor&aacute;vel para todos poderem, finalmente, sair da pr&oacute;pria aliena&ccedil;&atilde;o existencial, gra&ccedil;as &agrave; escuta da Palavra e &agrave;s obras de miseric&oacute;rdia&rdquo;, &eacute; o que afirma o Papa Francisco na mensagem&nbsp;para a Quaresma 2016, divulgada na ter&ccedil;a-feira (26\/01).<\/p>\n<p style=\"text-align: justify;\">&#8220;&#8216;Prefiro a miseric&oacute;rdia ao sacrif&iacute;cio&rdquo; (Mt 9, 13). &#8220;As obras de miseric&oacute;rdia no caminho jubilar&#8221; &eacute; o tema da Mensagem do Pont&iacute;fice. No texto, Francisco destaca que <strong>a miseric&oacute;rdia de Deus transforma o cora&ccedil;&atilde;o do homem<\/strong>, tornando-o assim, por sua vez, capaz de miseric&oacute;rdia.<\/p>\n<p style=\"text-align: justify;\">Estas obras, ressalta o Papa, nos recordam que a <strong>nossa f&eacute; se traduz em atos concretos e cotidianos<\/strong>, destinados a ajudar o pr&oacute;ximo no corpo e no esp&iacute;rito e sobre os quais havemos de ser julgados: aliment&aacute;-lo, visit&aacute;-lo, confort&aacute;-lo, educ&aacute;-lo.<\/p>\n<p style=\"text-align: justify;\">&ldquo;Ser&aacute; uma maneira de acordar a nossa consci&ecirc;ncia, muitas vezes adormecida perante o drama da pobreza, e de entrar cada vez mais no cora&ccedil;&atilde;o do Evangelho, onde os pobres s&atilde;o os privilegiados da miseric&oacute;rdia divina&rdquo;, escreve o Pont&iacute;fice, citando a Bula de convoca&ccedil;&atilde;o do Jubileu.<\/p>\n<p style=\"text-align: justify;\">Todavia, adverte o Papa, <strong>o pobre mais miser&aacute;vel &eacute; aquele que n&atilde;o aceita reconhecer-se como tal<\/strong>. &ldquo;Pensa que &eacute; rico, mas na realidade &eacute; o mais pobre dos pobres. E quanto maior for o poder e a riqueza &agrave; sua disposi&ccedil;&atilde;o, tanto maior pode tornar-se esta cegueira mentirosa. E esta cegueira est&aacute; acompanhada por um soberbo del&iacute;rio de onipot&ecirc;ncia.&rdquo;<\/p>\n<p style=\"text-align: justify;\">Este del&iacute;rio, prossegue Francisco, &ldquo;pode assumir tamb&eacute;m formas sociais e pol&iacute;ticas, como mostraram os totalitarismos do s&eacute;culo XX e mostram hoje as ideologias do pensamento &uacute;nico e da tecnoci&ecirc;ncia que pretendem tornar Deus irrelevante e reduzir o homem a massa poss&iacute;vel de instrumentalizar. E podem atualmente mostr&aacute;-lo tamb&eacute;m as estruturas de pecado ligadas a um modelo de falso desenvolvimento fundado na idolatria do dinheiro, que torna indiferentes ao destino dos pobres as pessoas e as sociedades mais ricas, que lhes fecham as portas recusando-se at&eacute; mesmo a v&ecirc;-los&rdquo;.<\/p>\n<p style=\"text-align: justify;\">Portanto, exorta o Papa, <strong>a Quaresma deste Ano Jubilar &eacute; um tempo favor&aacute;vel para todos poderem, finalmente, sair da pr&oacute;pria aliena&ccedil;&atilde;o existencial<\/strong>, gra&ccedil;as &agrave; escuta da Palavra e &agrave;s obras de miseric&oacute;rdia.<\/p>\n<p style=\"text-align: justify;\">E explica: &ldquo;Se por meio das obras corporais, tocamos a carne de Cristo nos irm&atilde;os e irm&atilde;s necessitados de ser nutridos, vestidos, alojados, visitados, as obras espirituais tocam mais diretamente o nosso ser de pecadores: aconselhar, ensinar, perdoar, admoestar, rezar&rdquo;.<\/p>\n<p style=\"text-align: justify;\">Para Francisco, estas obras nunca podem ser separadas, pois &eacute; precisamente tocando a carne de Jesus crucificado no miser&aacute;vel que o pecador pode receber a consci&ecirc;ncia de ser ele pr&oacute;prio um pobre mendigo. &ldquo;N&atilde;o percamos este tempo de Quaresma favor&aacute;vel &agrave; convers&atilde;o!&rdquo;, &eacute; o convite final do Santo Padre.<\/p>\n<p style=\"text-align: justify;\">&nbsp;<\/p>\n","protected":false},"excerpt":{"rendered":"<p>[imagem1] &nbsp; &ldquo;A Quaresma deste Ano Jubilar &eacute; um tempo favor&aacute;vel para todos poderem, finalmente, sair da pr&oacute;pria aliena&ccedil;&atilde;o existencial, gra&ccedil;as &agrave; escuta da Palavra e &agrave;s obras de miseric&oacute;rdia&rdquo;, &eacute; o que&#8230;<\/p>\n","protected":false},"author":1,"featured_media":2159,"comment_status":"open","ping_status":"open","sticky":false,"template":"","format":"standard","meta":[],"categories":[1],"tags":[],"_links":{"self":[{"href":"https:\/\/www.salvatorianas.org.br\/blog\/wp-json\/wp\/v2\/posts\/1307"}],"collection":[{"href":"https:\/\/www.salvatorianas.org.br\/blog\/wp-json\/wp\/v2\/posts"}],"about":[{"href":"https:\/\/www.salvatorianas.org.br\/blog\/wp-json\/wp\/v2\/types\/post"}],"author":[{"embeddable":true,"href":"https:\/\/www.salvatorianas.org.br\/blog\/wp-json\/wp\/v2\/users\/1"}],"replies":[{"embeddable":true,"href":"https:\/\/www.salvatorianas.org.br\/blog\/wp-json\/wp\/v2\/comments?post=1307"}],"version-history":[{"count":0,"href":"https:\/\/www.salvatorianas.org.br\/blog\/wp-json\/wp\/v2\/posts\/1307\/revisions"}],"wp:featuredmedia":[{"embeddable":true,"href":"https:\/\/www.salvatorianas.org.br\/blog\/wp-json\/wp\/v2\/media\/2159"}],"wp:attachment":[{"href":"https:\/\/www.salvatorianas.org.br\/blog\/wp-json\/wp\/v2\/media?parent=1307"}],"wp:term":[{"taxonomy":"category","embeddable":true,"href":"https:\/\/www.salvatorianas.org.br\/blog\/wp-json\/wp\/v2\/categories?post=1307"},{"taxonomy":"post_tag","embeddable":true,"href":"https:\/\/www.salvatorianas.org.br\/blog\/wp-json\/wp\/v2\/tags?post=1307"}],"curies":[{"name":"wp","href":"https:\/\/api.w.org\/{rel}","templated":true}]}}