{"id":1298,"date":"2016-01-29T00:00:00","date_gmt":"2016-01-29T00:00:00","guid":{"rendered":"https:\/\/www.salvatorianas.org.br\/blog\/repam-faz-adaptacao-radiofonica-popular-da-enciclica-laudato-si\/"},"modified":"2016-01-29T00:00:00","modified_gmt":"2016-01-29T00:00:00","slug":"repam-faz-adaptacao-radiofonica-popular-da-enciclica-laudato-si","status":"publish","type":"post","link":"https:\/\/www.salvatorianas.org.br\/blog\/repam-faz-adaptacao-radiofonica-popular-da-enciclica-laudato-si\/","title":{"rendered":"Repam faz adapta\u00e7\u00e3o radiof\u00f4nica popular da Enc\u00edclica &#8220;Laudato Si&#8221;"},"content":{"rendered":"<p>[imagem1]<\/p>\n<p>&nbsp;<\/p>\n<p style=\"text-align: justify;\">Com a proposta de propagar as palavras do papa Francisco sobre os cuidados com o meio ambiente, a Rede Eclesial Pan-amaz&ocirc;nica (Repam) produziu vers&atilde;o em &aacute;udio da Enc&iacute;clica Laudato Si&acute;.&nbsp;<\/p>\n<p style=\"text-align: justify;\">Trata-se de uma adapta&ccedil;&atilde;o radiof&ocirc;nica, da mensagem do papa, com linguagem simples e did&aacute;tica. S&atilde;o 20 programas de dez minutos cada, com objetivo de despertar para consci&ecirc;ncia sobre a cidadania ecol&oacute;gica, al&eacute;m de alertar sobre a necessidade de mudar o estilo de vida consumista, a cultura do descarte, n&atilde;o sustent&aacute;vel.&nbsp;<\/p>\n<p style=\"text-align: justify;\">A Rede oferece, gratuitamente, um <a href=\"http:\/\/redamazonica.org\/wp-content\/uploads\/2016\/01\/Gu%C3%ADa-Laudato-Si.pdf\" target=\"_blank\">Guia com orienta&ccedil;&otilde;es<\/a>&nbsp;para o uso dos &aacute;udios. O material est&aacute; organizado em vinte cap&iacute;tulos, com personagens que simulam uma intera&ccedil;&atilde;o com o papa Francisco, em conversa sobre o meio ambiente.&nbsp;<\/p>\n<p style=\"text-align: justify;\"><strong>Proposta<\/strong><\/p>\n<p style=\"text-align: justify;\">A Repam recorda que, assim como S&atilde;o Francisco, o papa dialoga com as criaturas que se v&ecirc;m cada vez mais castigadas pela irresponsabilidade dos seres humanos e suas iniciativas depredadoras do meio ambiente.<\/p>\n<p style=\"text-align: justify;\">&ldquo;S&atilde;o Francisco de Assis retorna e nota que a irm&atilde; e M&atilde;e Terra est&aacute; sendo destru&iacute;da por n&oacute;s, seres humanos. De m&atilde;os dadas a ela, fala com o irm&atilde;o Vento, com o irm&atilde;o Sol e com a irm&atilde; Lua. Conversa com os rios, os p&aacute;ssaros, o ouro, os milhos transg&ecirc;nicos e com a chuva &aacute;cida&rdquo;, introduz o enredo da s&eacute;rie radiof&ocirc;nica.&nbsp;<\/p>\n<p style=\"text-align: justify;\">A produ&ccedil;&atilde;o Rede Eclesial Pan-amaz&ocirc;nica &eacute; oferecida a estudantes, professores, catequistas, comunicadores e emissoras de r&aacute;dio. O material pode ser utilizado para estudos na fam&iacute;lia e em comunidade. Esta primeira vers&atilde;o est&aacute; em espanhol.&nbsp;<\/p>\n<p style=\"text-align: justify;\"><strong>Baixe os materiais:<\/strong><\/p>\n<p style=\"text-align: justify;\"><strong><a href=\"http:\/\/redamazonica.org\/wp-content\/uploads\/2016\/01\/Gu%C3%ADa-Laudato-Si.pdf\" target=\"_blank\">Guia de orienta&ccedil;&otilde;es&nbsp;<\/a><\/strong><\/p>\n<p style=\"text-align: justify;\"><a href=\"http:\/\/redamazonica.org\/el-cuidado-de-la-casa-comun\/\" target=\"_blank\">S&eacute;rie de r&aacute;dio &#8211;&nbsp;&nbsp;Laudato Si&acute;<\/a><\/p>\n<p style=\"text-align: justify;\">&nbsp;<\/p>\n<p style=\"text-align: justify;\">Fonte: CNBB<\/p>\n<p style=\"text-align: justify;\">&nbsp;<\/p>\n<p style=\"text-align: justify;\">&nbsp;<\/p>\n","protected":false},"excerpt":{"rendered":"<p>[imagem1] &nbsp; Com a proposta de propagar as palavras do papa Francisco sobre os cuidados com o meio ambiente, a Rede Eclesial Pan-amaz&ocirc;nica (Repam) produziu vers&atilde;o em &aacute;udio da Enc&iacute;clica Laudato Si&acute;.&nbsp; Trata-se&#8230;<\/p>\n","protected":false},"author":1,"featured_media":1720,"comment_status":"open","ping_status":"open","sticky":false,"template":"","format":"standard","meta":[],"categories":[1],"tags":[],"_links":{"self":[{"href":"https:\/\/www.salvatorianas.org.br\/blog\/wp-json\/wp\/v2\/posts\/1298"}],"collection":[{"href":"https:\/\/www.salvatorianas.org.br\/blog\/wp-json\/wp\/v2\/posts"}],"about":[{"href":"https:\/\/www.salvatorianas.org.br\/blog\/wp-json\/wp\/v2\/types\/post"}],"author":[{"embeddable":true,"href":"https:\/\/www.salvatorianas.org.br\/blog\/wp-json\/wp\/v2\/users\/1"}],"replies":[{"embeddable":true,"href":"https:\/\/www.salvatorianas.org.br\/blog\/wp-json\/wp\/v2\/comments?post=1298"}],"version-history":[{"count":0,"href":"https:\/\/www.salvatorianas.org.br\/blog\/wp-json\/wp\/v2\/posts\/1298\/revisions"}],"wp:featuredmedia":[{"embeddable":true,"href":"https:\/\/www.salvatorianas.org.br\/blog\/wp-json\/wp\/v2\/media\/1720"}],"wp:attachment":[{"href":"https:\/\/www.salvatorianas.org.br\/blog\/wp-json\/wp\/v2\/media?parent=1298"}],"wp:term":[{"taxonomy":"category","embeddable":true,"href":"https:\/\/www.salvatorianas.org.br\/blog\/wp-json\/wp\/v2\/categories?post=1298"},{"taxonomy":"post_tag","embeddable":true,"href":"https:\/\/www.salvatorianas.org.br\/blog\/wp-json\/wp\/v2\/tags?post=1298"}],"curies":[{"name":"wp","href":"https:\/\/api.w.org\/{rel}","templated":true}]}}