{"id":1269,"date":"2016-02-04T00:00:00","date_gmt":"2016-02-04T00:00:00","guid":{"rendered":"https:\/\/www.salvatorianas.org.br\/blog\/semana-vocacional-prepara-ordenacao-presbiteral-do-diacono-tiago-william-souza\/"},"modified":"2016-02-04T00:00:00","modified_gmt":"2016-02-04T00:00:00","slug":"semana-vocacional-prepara-ordenacao-presbiteral-do-diacono-tiago-william-souza","status":"publish","type":"post","link":"https:\/\/www.salvatorianas.org.br\/blog\/semana-vocacional-prepara-ordenacao-presbiteral-do-diacono-tiago-william-souza\/","title":{"rendered":"Semana Vocacional prepara ordena\u00e7\u00e3o presbiteral do Di\u00e1cono Tiago William Souza"},"content":{"rendered":"<p style=\"text-align: justify;\"><strong>[imagem2] &ldquo;Avan&ccedil;a para &aacute;guas mais profundas, e lan&ccedil;ai vossas redes para pesca&rdquo;. ( Lc 5,4)<\/strong><\/p>\n<p style=\"text-align: justify;\">Este foi o lema que acompanhou os dias de prepara&ccedil;&atilde;o para ordena&ccedil;&atilde;o presbiteral do Di&aacute;cono Tiago William Souza, irm&atilde;o de nossa Irm&atilde; Patr&iacute;cia Souza. A semana de trabalho vocacional aconteceu entre os dias 27 a 29 de Janeiro, na Par&oacute;quia S&atilde;o Jo&atilde;o Batista em Irani\/SC Diocese de Joa&ccedil;aba. Todas as comunidades da Par&oacute;quia foram visitadas pelas equipes vocacionais que contavam com a presen&ccedil;a de Irm&atilde;s Salvatorianas, Seminaristas, Padres e Leigos da Diocese de Joa&ccedil;aba.<\/p>\n<p style=\"text-align: justify;\">Com alegria as equipes dinamizavam as celebra&ccedil;&otilde;es nas comunidades iluminadas pelo evangelho de Mateus 7, 21-29 que nos fala da constru&ccedil;&atilde;o da casa sobre rocha firme. Nas celebra&ccedil;&otilde;es houve partilha, testemunhos vocacionais sobre voca&ccedil;&atilde;o, sobre os pilares que sustentam nossa vida, nossa caminhada o chamado que Deus nos faz. &nbsp;Foram momentos marcantes, um tempo de A&ccedil;&atilde;o de Gra&ccedil;as para toda a Diocese por mais um jovem que responde &ldquo;Sim&rdquo; ao chamado de Deus ao sacerd&oacute;cio. A ordena&ccedil;&atilde;o de Tiago ocorreu no dia 30 de janeiro &agrave;s 17 horas na Igreja matriz de Irani\/SC e no dia 31 o Pe. Tiago celebrou a sua primeira missa na sua comunidade de origem em Alto Engano Irani\/SC.<\/p>\n<p style=\"text-align: justify;\">Humildade, Honestidade e Perseveran&ccedil;a foram os tr&ecirc;s pedidos que durante seu agradecimento o Pe. Tiago rogou a Deus para o seu minist&eacute;rio, contando com as ora&ccedil;&otilde;es e apoio de todo o povo que ali presente.<\/p>\n<p style=\"text-align: justify;\">Que o Divino Salvador o aben&ccedil;oe e o fortale&ccedil;a na miss&atilde;o de anunciar e construir o Reino de Deus.<\/p>\n<p style=\"text-align: justify;\">&nbsp;<\/p>\n","protected":false},"excerpt":{"rendered":"<p>[imagem2] &ldquo;Avan&ccedil;a para &aacute;guas mais profundas, e lan&ccedil;ai vossas redes para pesca&rdquo;. ( Lc 5,4) Este foi o lema que acompanhou os dias de prepara&ccedil;&atilde;o para ordena&ccedil;&atilde;o presbiteral do Di&aacute;cono Tiago William Souza,&#8230;<\/p>\n","protected":false},"author":1,"featured_media":1456,"comment_status":"open","ping_status":"open","sticky":false,"template":"","format":"standard","meta":[],"categories":[1],"tags":[],"_links":{"self":[{"href":"https:\/\/www.salvatorianas.org.br\/blog\/wp-json\/wp\/v2\/posts\/1269"}],"collection":[{"href":"https:\/\/www.salvatorianas.org.br\/blog\/wp-json\/wp\/v2\/posts"}],"about":[{"href":"https:\/\/www.salvatorianas.org.br\/blog\/wp-json\/wp\/v2\/types\/post"}],"author":[{"embeddable":true,"href":"https:\/\/www.salvatorianas.org.br\/blog\/wp-json\/wp\/v2\/users\/1"}],"replies":[{"embeddable":true,"href":"https:\/\/www.salvatorianas.org.br\/blog\/wp-json\/wp\/v2\/comments?post=1269"}],"version-history":[{"count":0,"href":"https:\/\/www.salvatorianas.org.br\/blog\/wp-json\/wp\/v2\/posts\/1269\/revisions"}],"wp:featuredmedia":[{"embeddable":true,"href":"https:\/\/www.salvatorianas.org.br\/blog\/wp-json\/wp\/v2\/media\/1456"}],"wp:attachment":[{"href":"https:\/\/www.salvatorianas.org.br\/blog\/wp-json\/wp\/v2\/media?parent=1269"}],"wp:term":[{"taxonomy":"category","embeddable":true,"href":"https:\/\/www.salvatorianas.org.br\/blog\/wp-json\/wp\/v2\/categories?post=1269"},{"taxonomy":"post_tag","embeddable":true,"href":"https:\/\/www.salvatorianas.org.br\/blog\/wp-json\/wp\/v2\/tags?post=1269"}],"curies":[{"name":"wp","href":"https:\/\/api.w.org\/{rel}","templated":true}]}}