{"id":1267,"date":"2016-02-05T00:00:00","date_gmt":"2016-02-05T00:00:00","guid":{"rendered":"https:\/\/www.salvatorianas.org.br\/blog\/santa-se-ajuda-da-igreja-chegou-a-4-milhoes-de-sirios\/"},"modified":"2016-02-05T00:00:00","modified_gmt":"2016-02-05T00:00:00","slug":"santa-se-ajuda-da-igreja-chegou-a-4-milhoes-de-sirios","status":"publish","type":"post","link":"https:\/\/www.salvatorianas.org.br\/blog\/santa-se-ajuda-da-igreja-chegou-a-4-milhoes-de-sirios\/","title":{"rendered":"Santa S\u00e9: ajuda da Igreja chegou a 4 milh\u00f5es de s\u00edrios"},"content":{"rendered":"<p style=\"text-align: justify;\">[imagem1]<\/p>\n<p style=\"text-align: justify;\">O Secret&aacute;rio para as Rela&ccedil;&otilde;es com os Estados, Dom Paul Gallagher, afirmou que a Igreja cat&oacute;lica continuar&aacute; a prestar assist&ecirc;ncia humanit&aacute;ria &agrave;s v&iacute;timas da guerra na S&iacute;ria, que entra no sexto ano. A declara&ccedil;&atilde;o foi feita durante a Confer&ecirc;ncia &ldquo;Auxiliar a S&iacute;ria e a regi&atilde;o&rdquo; promovida pelos pa&iacute;ses doadores, na quinta-feira, 4, na capital inglesa.<\/p>\n<p style=\"text-align: justify;\">O or&ccedil;amento da ajuda humanit&aacute;ria para 2016 cresceu exponencialmente em rela&ccedil;&atilde;o ao ano passado, quando somente 50% do montante foi arrecadado. &nbsp;Diante deste quadro dram&aacute;tico &ndash; mesmo com a esperan&ccedil;a de que se chegue a um acordo pol&iacute;tico para o fim do conflito &ndash;, Dom Gallagher destacou que a ajuda humanit&aacute;ria deve ser prevista tamb&eacute;m a longo prazo, e acolheu positivamente a decis&atilde;o de que &eacute; preciso promover a educa&ccedil;&atilde;o, o trabalho e o desenvolvimento econ&ocirc;mico dos refugiados e dos pa&iacute;ses que os acolhem.<\/p>\n<p style=\"text-align: justify;\"><strong>Necessidades humanit&aacute;rias<\/strong><\/p>\n<p style=\"text-align: justify;\">Contudo, advertiu o arcebispo, &ldquo;enquanto discutimos as necessidades humanit&aacute;rias da crise, nos cabe recordar que o custo real desta crise humanit&aacute;ria &eacute; mensurado pela morte e sofrimento de milhares de seres humanos&rdquo;.<\/p>\n<p style=\"text-align: justify;\">Neste ponto, Dom Gallagher recordou que desde o in&iacute;cio da guerra a Santa S&eacute; tem respondido &agrave;s necessidades humanit&aacute;rias na regi&atilde;o.<\/p>\n<p style=\"text-align: justify;\">&ldquo;Ao distribuir as ajudas, <strong>as ag&ecirc;ncias e entidades cat&oacute;licas n&atilde;o fazem distin&ccedil;&atilde;o de religi&atilde;o ou identidade &eacute;tnica daqueles que requerem assist&ecirc;ncia<\/strong>, enquanto procuram sempre dar prioridade aos mais vulner&aacute;veis e necessitados. Particularmente vulner&aacute;veis s&atilde;o as minorias religiosas, incluindo os crist&atilde;os, que sofrem desproporcionalmente os efeitos da guerra e da convuls&atilde;o social na regi&atilde;o. Na verdade, a presen&ccedil;a e exist&ecirc;ncia dos crist&atilde;os est&aacute; gravemente amea&ccedil;ada&rdquo;, recordou o Secret&aacute;rio para as Rela&ccedil;&otilde;es com os Estados.<\/p>\n<p style=\"text-align: justify;\"><strong>Assist&ecirc;ncia humanit&aacute;ria cat&oacute;lica<\/strong><\/p>\n<p style=\"text-align: justify;\">No ano passado, a Igreja cat&oacute;lica, com os recursos provenientes de apelos feitos pelas Confer&ecirc;ncias episcopais, doa&ccedil;&otilde;es privadas de fi&eacute;is cat&oacute;licos do mundo inteiro e parcerias com Governos e organiza&ccedil;&otilde;es internacionais, contribuiu com 150 milh&otilde;es de d&oacute;lares em assist&ecirc;ncia humanit&aacute;ria que beneficiou diretamente mais de 4 milh&otilde;es de pessoas atingidas pela guerra na S&iacute;ria.<\/p>\n<p style=\"text-align: justify;\">Fonte: R&aacute;dio Vaticano<\/p>\n<p style=\"text-align: justify;\">&nbsp;<\/p>\n<p style=\"text-align: justify;\">&nbsp;<\/p>\n","protected":false},"excerpt":{"rendered":"<p>[imagem1] O Secret&aacute;rio para as Rela&ccedil;&otilde;es com os Estados, Dom Paul Gallagher, afirmou que a Igreja cat&oacute;lica continuar&aacute; a prestar assist&ecirc;ncia humanit&aacute;ria &agrave;s v&iacute;timas da guerra na S&iacute;ria, que entra no sexto ano&#8230;.<\/p>\n","protected":false},"author":1,"featured_media":1938,"comment_status":"open","ping_status":"open","sticky":false,"template":"","format":"standard","meta":[],"categories":[1],"tags":[],"_links":{"self":[{"href":"https:\/\/www.salvatorianas.org.br\/blog\/wp-json\/wp\/v2\/posts\/1267"}],"collection":[{"href":"https:\/\/www.salvatorianas.org.br\/blog\/wp-json\/wp\/v2\/posts"}],"about":[{"href":"https:\/\/www.salvatorianas.org.br\/blog\/wp-json\/wp\/v2\/types\/post"}],"author":[{"embeddable":true,"href":"https:\/\/www.salvatorianas.org.br\/blog\/wp-json\/wp\/v2\/users\/1"}],"replies":[{"embeddable":true,"href":"https:\/\/www.salvatorianas.org.br\/blog\/wp-json\/wp\/v2\/comments?post=1267"}],"version-history":[{"count":0,"href":"https:\/\/www.salvatorianas.org.br\/blog\/wp-json\/wp\/v2\/posts\/1267\/revisions"}],"wp:featuredmedia":[{"embeddable":true,"href":"https:\/\/www.salvatorianas.org.br\/blog\/wp-json\/wp\/v2\/media\/1938"}],"wp:attachment":[{"href":"https:\/\/www.salvatorianas.org.br\/blog\/wp-json\/wp\/v2\/media?parent=1267"}],"wp:term":[{"taxonomy":"category","embeddable":true,"href":"https:\/\/www.salvatorianas.org.br\/blog\/wp-json\/wp\/v2\/categories?post=1267"},{"taxonomy":"post_tag","embeddable":true,"href":"https:\/\/www.salvatorianas.org.br\/blog\/wp-json\/wp\/v2\/tags?post=1267"}],"curies":[{"name":"wp","href":"https:\/\/api.w.org\/{rel}","templated":true}]}}