{"id":125,"date":"2018-02-08T00:00:00","date_gmt":"2018-02-08T00:00:00","guid":{"rendered":"https:\/\/www.salvatorianas.org.br\/blog\/familia-salvatoriana-vivenciando-o-ano-centenario-da-morte-ressurreicao-de-pe-jordan\/"},"modified":"2018-04-15T16:33:41","modified_gmt":"2018-04-15T16:33:41","slug":"familia-salvatoriana-vivenciando-o-ano-centenario-da-morte-ressurreicao-de-pe-jordan","status":"publish","type":"post","link":"https:\/\/www.salvatorianas.org.br\/blog\/familia-salvatoriana-vivenciando-o-ano-centenario-da-morte-ressurreicao-de-pe-jordan\/","title":{"rendered":"Fam\u00edlia Salvatoriana vivenciando o Ano Centen\u00e1rio da Morte\/Ressurrei\u00e7\u00e3o de Pe. Jordan"},"content":{"rendered":"<p>Iniciamos hoje, 08 de fevereiro,a novena em prepara\u00e7\u00e3o ao centen\u00e1rio da morte\/ressurrei\u00e7\u00e3o do Vener\u00e1vel Servo de Deus, Pe. Francisco Maria da Cruz Jordan. \u00c9 um tempo especial para juntos, como Fam\u00edlia Salvatoriana, fortalecer a nossa voca\u00e7\u00e3o-miss\u00e3o na Igreja\u00a0 e no mundo. O 1\u00ba dia da novena traz como tema: &#8220;Padre Jordan Promotor da Imprensa Cat\u00f3lica&#8221;. Esta novena acontecer\u00e1 todo dia 08 de cada m\u00eas e se estender\u00e1 at\u00e9 setembro, m\u00eas que marca a celebra\u00e7\u00e3o do Ano Centen\u00e1rio. Reze conosco esta novena!<\/p>\n<p class=\"MsoNormal\" style=\"text-align: center;\" align=\"center\"><b>08 de Fevereiro de 2018<\/b><\/p>\n<p class=\"MsoNormal\" style=\"text-align: center;\" align=\"center\">\n<p class=\"MsoNormal\" style=\"text-align: center;\" align=\"center\"><b><span style=\"font-size: 14.0pt; line-height: 107%;\">Vener\u00e1vel Servo de Deus<\/span><\/b><\/p>\n<p class=\"MsoNormal\" style=\"text-align: center;\" align=\"center\"><b><span style=\"font-size: 14.0pt; line-height: 107%;\">Pe. Francisco Maria da Cruz Jordan<\/span><\/b><\/p>\n<p class=\"MsoNormal\" style=\"text-align: center;\" align=\"center\"><b><span style=\"font-size: 14.0pt; line-height: 107%;\">Promotor da Imprensa Cat\u00f3lica<\/span><\/b><\/p>\n<p class=\"MsoNormal\" style=\"text-align: justify;\">Pe. Jordan por diversas vezesescreve que era preciso anunciar Jesus Cristo como \u00fanico salvador, utilizandotodos os modos e meios que a caridade de Cristo inspirasse. Para divulgar o seusonho utilizou-se da imprensa. Promoveu e organizou publica\u00e7\u00f5es que n\u00e3o s\u00f3divulgavam o que os salvatorianos realizavam, como tamb\u00e9m servia de instru\u00e7\u00e3o ecatequese \u00e0s diversas faixas et\u00e1rias.<\/p>\n<p class=\"MsoNormal\" style=\"text-align: justify;\">Vamos iniciar esse momento de ora\u00e7\u00e3o invocando a Sant\u00edssima Trindade (rezando ou cantando)<\/p>\n<p>&nbsp;<\/p>\n<p class=\"MsoNormal\" style=\"text-align: center;\" align=\"center\"><b><span style=\"font-size: 14.0pt; line-height: 107%;\">ORA\u00c7\u00c3O INICIAL -CHAMADO E RESPOSTA<\/span><\/b><\/p>\n<p class=\"MsoNormal\" style=\"text-align: center;\" align=\"center\">(livro precessalvatorianas, ora\u00e7\u00e3o 51 p\u00e1gina 65)<\/p>\n<p class=\"MsoNormal\" style=\"text-align: center;\" align=\"center\">\n<p class=\"MsoNormal\" style=\"text-align: center;\" align=\"center\">Senhor Jesus Cristo,Salvador do mundo,<\/p>\n<p class=\"MsoNormal\" style=\"text-align: center;\" align=\"center\">em todos os temposchamas homens e mulheres<\/p>\n<p class=\"MsoNormal\" style=\"text-align: center;\" align=\"center\">que, a exemplo dosAp\u00f3stolos, se empenham para que<\/p>\n<p class=\"MsoNormal\" style=\"text-align: center;\" align=\"center\">todos te conhe\u00e7am eencontrem em ti a salva\u00e7\u00e3o.<\/p>\n<p class=\"MsoNormal\" style=\"text-align: center;\" align=\"center\">\n<p class=\"MsoNormal\" style=\"text-align: center;\" align=\"center\">Escolheste FranciscoJordan como zeloso<\/p>\n<p class=\"MsoNormal\" style=\"text-align: center;\" align=\"center\">e fiel servidor doan\u00fancio apost\u00f3lico.<\/p>\n<p class=\"MsoNormal\" style=\"text-align: center;\" align=\"center\">Pela intercess\u00e3o deMaria, M\u00e3e do Salvador<\/p>\n<p class=\"MsoNormal\" style=\"text-align: center;\" align=\"center\">e Rainha dosAp\u00f3stolos, te pedimos:<\/p>\n<p class=\"MsoNormal\" style=\"text-align: center;\" align=\"center\">\n<p class=\"MsoNormal\" style=\"text-align: center;\" align=\"center\">como concedeste a teuservo Francisco,<\/p>\n<p class=\"MsoNormal\" style=\"text-align: center;\" align=\"center\">d\u00e1 tamb\u00e9m a n\u00f3s, seusfilhos e filhas espirituais,<\/p>\n<p class=\"MsoNormal\" style=\"text-align: center;\" align=\"center\">uma inabal\u00e1velconfian\u00e7a<\/p>\n<p class=\"MsoNormal\" style=\"text-align: center;\" align=\"center\">em tua amorosaProvid\u00eancia,<\/p>\n<p class=\"MsoNormal\" style=\"text-align: center;\" align=\"center\">zelo apost\u00f3lico porteu Reino,<\/p>\n<p class=\"MsoNormal\" style=\"text-align: center;\" align=\"center\">dedica\u00e7\u00e3o no servi\u00e7oaos irm\u00e3os e irm\u00e3s,<\/p>\n<p class=\"MsoNormal\" style=\"text-align: center;\" align=\"center\">e coragem para teseguir.<\/p>\n<p class=\"MsoNormal\" style=\"text-align: center;\" align=\"center\">\n<p class=\"MsoNormal\" style=\"text-align: center;\" align=\"center\">Pela intercess\u00e3o deteu servo Francisco,<\/p>\n<p class=\"MsoNormal\" style=\"text-align: center;\" align=\"center\">atende nossas preces,e ajuda-nos<\/p>\n<p class=\"MsoNormal\" style=\"text-align: center;\" align=\"center\">em nossasnecessidades.\u00a0 Am\u00e9m.<\/p>\n<p class=\"MsoNormal\" style=\"text-align: center;\"><b><span style=\"font-size: 14.0pt; line-height: 107%;\">Rezando com a Palavrade Deus:<\/span><\/b><\/p>\n<p class=\"MsoNormal\" style=\"text-align: justify;\"><b><span style=\"font-size: 14.0pt; line-height: 107%;\">\u00a0<\/span><\/b><\/p>\n<p class=\"MsoNormal\" style=\"text-align: justify;\">\u201cEu teria ainda muitas coisaspara lhes escrever, mas n\u00e3o quis faz\u00ea-lo com papel e tinta. Contudo, espero irvisit\u00e1-los e falar com voc\u00eas de viva voz, para que a nossa alegria sejacompleta.\u201d (2 Jo\u00e3o 1,12)<\/p>\n<p class=\"MsoNormal\" style=\"text-align: justify;\"><i>Refletir o que a Palavra de Deusesta me dizendo<\/i><\/p>\n<p class=\"MsoNormal\" style=\"text-align: center;\"><b><span style=\"font-size: 14.0pt; line-height: 107%;\">Recordando asmedita\u00e7\u00f5es do Pe. Jordan<\/span><\/b><\/p>\n<p class=\"MsoNormal\" style=\"text-align: justify;\"><b><span style=\"font-size: 14.0pt; line-height: 107%;\">\u00a0<\/span><\/b><\/p>\n<p class=\"MsoNormal\" style=\"text-align: justify;\">Uma meta, ou melhor, parte damiss\u00e3o de nossa Sociedade \u00e9 tamb\u00e9m a imprensa! Como voc\u00eas sabem, a finalidadeda Sociedade consiste na santifica\u00e7\u00e3o pr\u00f3pria e na santifica\u00e7\u00e3o do pr\u00f3ximo. Masa santifica\u00e7\u00e3o do pr\u00f3ximo, para ser conduzida corretamente, pressup\u00f5e, antes detudo, que nos santifiquemos a n\u00f3s mesmos. (Alocu\u00e7\u00f5es 82)<\/p>\n<p class=\"MsoNormal\" style=\"text-align: justify;\">\u00a0Um meio que particularmente devemos empregarno trabalho para o bem da Sociedade \u00e9 a imprensa! \u00c9 inacredit\u00e1vel quanto sepode realizar por meio dela! (Alocu\u00e7\u00f5es 82)<\/p>\n<p class=\"MsoNormal\" style=\"text-align: justify;\">Existe tanto trabalho, em casa eem toda parte, onde voc\u00eas podem realizar o bem. Entre estes est\u00e1,particularmente, a imprensa, tanto a reda\u00e7\u00e3o como tamb\u00e9m a expedi\u00e7\u00e3o e adivulga\u00e7\u00e3o. (Alocu\u00e7\u00f5es 83)<\/p>\n<p class=\"MsoNormal\" style=\"text-align: justify;\">\u00a0N\u00e3o se esque\u00e7am, pois, n\u00e3o se esque\u00e7am de serecordarem sempre de novo da import\u00e2ncia da imprensa, para que todos secapacitem e se tornem \u00fateis para anunciar a palavra de Deus no p\u00falpito, nasescolas, onde quer que seja! (Alocu\u00e7\u00f5es 83)<\/p>\n<p class=\"MsoNormal\" style=\"text-align: justify;\">\u00a0Estejam, pois, todos sempre dispon\u00edveis paraqualquer servi\u00e7o e ocupa\u00e7\u00e3o!\u00a0 Quantashoras, se voc\u00eas as utilizam nos trabalhos atuais e futuros, quantas horas podemser bem aproveitadas! E isto particularmente tamb\u00e9m na imprensa! Quem sabe uma\u00fanica palavra, habilidosamente escolhida, pode produzir resultados aben\u00e7oados.(Alocu\u00e7\u00f5es 83)<\/p>\n<p class=\"MsoNormal\" style=\"text-align: center;\"><b><span style=\"font-size: 14.0pt; line-height: 107%;\">Rezando com a Fam\u00edliasalvatoriana hoje<\/span><\/b><\/p>\n<p class=\"MsoNormal\" style=\"text-align: justify;\"><b><span style=\"font-size: 14.0pt; line-height: 107%;\">\u00a0<\/span><\/b><\/p>\n<p class=\"MsoNormal\" style=\"text-align: justify;\">&#8211; \u201cPadre Jordan imbu\u00eddo peloardor apost\u00f3lico-mission\u00e1rio, viu os meios de comunica\u00e7\u00e3o social comoinstrumento privilegiado para atua\u00e7\u00e3o apost\u00f3lica salvatoriana, como tamb\u00e9mincentivou o uso da imprensa e sua import\u00e2ncia para anunciar a mensagem desalva\u00e7\u00e3o a todas as pessoas.\u201d Ir. Lidiane Vitor Ribeiro, ReligiosaSalvatoriana, Florian\u00f3polis- SC.<\/p>\n<p class=\"MsoNormal\" style=\"text-align: justify;\">&#8211; \u201cAs novas plataformas decomunica\u00e7\u00e3o favorecem a integra\u00e7\u00e3o e expande o alcance da mensagem da fam\u00edliasalvatoriana, ajudando a somar for\u00e7as, informar e formar protagonistas de ummundo novo\u201d. Pe Ederaldo Mac\u00eado, Jornalista, Religioso e Padre Salvatoriano,S\u00e3o Paulo \u2013 SP.<\/p>\n<p class=\"MsoNormal\" style=\"text-align: justify;\">&#8211;\u00a0A evolu\u00e7\u00e3o dos meios de comunica\u00e7\u00e3o n\u00e3o s\u00f3 possibilitam que as pessoasse comuniquem\/ informem, mas criam outras formas de relacionamento. RodrigoCesar Moreira, Graduado em Publicidade e Marketing, leigo Salvatoriano do GrupoM\u00e3e do Salvador, Jundia\u00ed-SP<\/p>\n<p class=\"MsoNormal\" style=\"text-align: center;\"><b><span style=\"font-size: 14.0pt; line-height: 107%;\">Rezando com o PapaFrancisco:<\/span><\/b><\/p>\n<p class=\"MsoNormal\" style=\"text-align: center;\"><b><span style=\"font-size: 14.0pt; line-height: 107%;\">\u00a0<\/span><\/b><\/p>\n<p class=\"MsoNormal\" style=\"text-align: justify;\">Papa Francisco alerta para quesejam evitados os pecados da m\u00eddia: a desinforma\u00e7\u00e3o, a cal\u00fania e a difama\u00e7\u00e3o.<\/p>\n<p class=\"MsoNormal\" style=\"text-align: justify;\">A desinforma\u00e7\u00e3o \u201cleva a dizer ascoisas pela metade que por sua vez leva a que n\u00e3o se possa fazer um julgamentopreciso sobre a realidade\u201d.<\/p>\n<p class=\"MsoNormal\" style=\"text-align: justify;\">A cal\u00fania \u201cparece maistrai\u00e7oeira, mas na comunica\u00e7\u00e3o o mais trai\u00e7oeiro \u00e9 a desinforma\u00e7\u00e3o porque levaao erro; leva a acreditar apenas em uma parte da verdade\u201d<\/p>\n<p class=\"MsoNormal\" style=\"text-align: justify;\">A difama\u00e7\u00e3o pode ser evitadaquando acontece a \u201cparresia, isto \u00e9, a coragem de falar com franqueza eliberdade\u201d. Por fim o Papa Francisco diz que \u201ca m\u00eddia cat\u00f3lica tem uma miss\u00e3omuito comprometida com a comunica\u00e7\u00e3o social: busquem preserva-la de tudo aquiloque possa distorc\u00ea-la e leva-la para outros fins\u201d.<\/p>\n<p class=\"MsoNormal\" style=\"text-align: center;\"><b><span style=\"font-size: 14.0pt; line-height: 107%;\">\u00daltimos dias do Pe.Jordan<\/span> \u2013 Cr\u00f4nicas deixadas pelo Pe. Pancr\u00e1cio<\/b><\/p>\n<p class=\"MsoNormal\" style=\"text-align: center;\"><b>\u00a0<\/b><\/p>\n<p class=\"MsoNormal\" style=\"text-align: justify;\">Com o agravamento da primeiraguerra mundial muitos irm\u00e3os salvatorianos foram convocados para a Guerra n\u00e3otendo outra escolha. Com a obrigatoriedade e imposi\u00e7\u00e3o da Alemanha os nossosreligiosos foram tendo que deixar as suas atividades e o quadro de sa\u00fade do pe.Jordan foi se agravando. Pe. Pancr\u00e1cio, Superior Geral dos Salvatorianos,escutando os conselhos dos m\u00e9dicos procurou um local que o Pe. Jordan pudessereceber um tratamento mais qualificado.\u00a0O local encontrado foi Hospital das Irm\u00e3s Vicentinas em Tafers, Sui\u00e7a.No dia 26 de agosto de 1918 \u00e0s 07:45 chegava no hospital e ao perceber osidosos tomando o sol da manh\u00e3, Pe. Jordan diz: \u201cIsso, agora eu me encontroentre os pobres\u201d.<\/p>\n<p class=\"MsoNormal\" style=\"text-align: justify;\"><i>Tempo em sil\u00eancio para rezar com que mais chamou aten\u00e7\u00e3o.<\/i><\/p>\n<p class=\"MsoNormal\" style=\"text-align: justify;\"><i>\u00a0<\/i><\/p>\n<p class=\"MsoNormal\" style=\"text-align: center;\" align=\"center\"><b><span style=\"font-size: 14.0pt; line-height: 107%;\">ORA\u00c7\u00c3O FINAL \u2013 DIVINOSALVADOR<\/span><\/b><\/p>\n<p class=\"MsoNormal\" style=\"text-align: center;\" align=\"center\">(livro precessalvatorianas, ora\u00e7\u00e3o 06 p\u00e1gina 18)<\/p>\n<p class=\"MsoNormal\" style=\"text-align: justify;\">Divino Salvador, Jesus Cristo,para a gl\u00f3ria do Pai e pela salva\u00e7\u00e3o de todos n\u00f3s, desceste \u00e0 terra, Faze comque todos te reconhe\u00e7am como \u00fanico Salvador do mundo, e que te sirvam comalegria. Tu que vives e reinas com Deus Pai, na unidade do Esp\u00edrito Santo.Am\u00e9m. Gl\u00f3ria ao Pai&#8230; Pai Nosso &#8230; Ave Maria&#8230;<\/p>\n","protected":false},"excerpt":{"rendered":"<p>Iniciamos hoje, 08 de fevereiro,a novena em prepara\u00e7\u00e3o ao centen\u00e1rio da morte\/ressurrei\u00e7\u00e3o do Vener\u00e1vel Servo de Deus, Pe. Francisco Maria da Cruz Jordan. \u00c9 um tempo especial para juntos, como Fam\u00edlia Salvatoriana, fortalecer&#8230;<\/p>\n","protected":false},"author":1,"featured_media":219,"comment_status":"open","ping_status":"open","sticky":false,"template":"","format":"standard","meta":[],"categories":[27],"tags":[],"_links":{"self":[{"href":"https:\/\/www.salvatorianas.org.br\/blog\/wp-json\/wp\/v2\/posts\/125"}],"collection":[{"href":"https:\/\/www.salvatorianas.org.br\/blog\/wp-json\/wp\/v2\/posts"}],"about":[{"href":"https:\/\/www.salvatorianas.org.br\/blog\/wp-json\/wp\/v2\/types\/post"}],"author":[{"embeddable":true,"href":"https:\/\/www.salvatorianas.org.br\/blog\/wp-json\/wp\/v2\/users\/1"}],"replies":[{"embeddable":true,"href":"https:\/\/www.salvatorianas.org.br\/blog\/wp-json\/wp\/v2\/comments?post=125"}],"version-history":[{"count":1,"href":"https:\/\/www.salvatorianas.org.br\/blog\/wp-json\/wp\/v2\/posts\/125\/revisions"}],"predecessor-version":[{"id":5583,"href":"https:\/\/www.salvatorianas.org.br\/blog\/wp-json\/wp\/v2\/posts\/125\/revisions\/5583"}],"wp:featuredmedia":[{"embeddable":true,"href":"https:\/\/www.salvatorianas.org.br\/blog\/wp-json\/wp\/v2\/media\/219"}],"wp:attachment":[{"href":"https:\/\/www.salvatorianas.org.br\/blog\/wp-json\/wp\/v2\/media?parent=125"}],"wp:term":[{"taxonomy":"category","embeddable":true,"href":"https:\/\/www.salvatorianas.org.br\/blog\/wp-json\/wp\/v2\/categories?post=125"},{"taxonomy":"post_tag","embeddable":true,"href":"https:\/\/www.salvatorianas.org.br\/blog\/wp-json\/wp\/v2\/tags?post=125"}],"curies":[{"name":"wp","href":"https:\/\/api.w.org\/{rel}","templated":true}]}}