{"id":1236,"date":"2016-02-16T00:00:00","date_gmt":"2016-02-16T00:00:00","guid":{"rendered":"https:\/\/www.salvatorianas.org.br\/blog\/papa-francisco-pede-perdao-pela-exclusao-dos-indigenas-em-missa-no-chiapas\/"},"modified":"2016-02-16T00:00:00","modified_gmt":"2016-02-16T00:00:00","slug":"papa-francisco-pede-perdao-pela-exclusao-dos-indigenas-em-missa-no-chiapas","status":"publish","type":"post","link":"https:\/\/www.salvatorianas.org.br\/blog\/papa-francisco-pede-perdao-pela-exclusao-dos-indigenas-em-missa-no-chiapas\/","title":{"rendered":"Papa Francisco pede perd\u00e3o pela exclus\u00e3o dos ind\u00edgenas em missa no Chiapas"},"content":{"rendered":"<p style=\"text-align: justify;\">[imagem2]<\/p>\n<p style=\"text-align: justify;\">&ldquo;Entre os pobres mais abandonados e maltratados, conta-se a nossa terra oprimida e devastada, que geme e sofre as dores do parto&rdquo;: foi o que disse o papa Francisco na missa de segunda-feira (15), com as comunidades ind&iacute;genas do Chiapas, em San Crist&oacute;bal de Las Casas, numa liturgia celebrada em espanhol e nas l&iacute;nguas ind&iacute;genas tseltal, ch&rsquo;ol e tsotsil, que contou tamb&eacute;m com a participa&ccedil;&atilde;o de numerosos fi&eacute;is guatemaltecos.<\/p>\n<p style=\"text-align: justify;\">Na sauda&ccedil;&atilde;o dirigida ao Pont&iacute;fice, um homem e uma mulher representando as comunidades ind&iacute;genas do Chiapas, do M&eacute;xico e da Guatemala agradeceram ao Papa por ter aprovado o uso de suas l&iacute;nguas nativas na liturgia.<\/p>\n<p>No altar papal apoiado na pir&acirc;mide de Palenque &ndash; evoca&ccedil;&atilde;o da cultura e hist&oacute;ria mayas &ndash; simbolizada pelos degraus que partem da terra at&eacute; o altar, a express&atilde;o de que a f&eacute; crist&atilde; n&atilde;o elimina as ra&iacute;zes das culturas, n&atilde;o se separa da terra e da hist&oacute;ria, mas as torna plenas em Jesus, faz crescer e amadurecer em Cristo. A f&eacute; n&atilde;o destr&oacute;i nem a hist&oacute;ria nem a cultura, mas as assume, para transform&aacute;-las em Cristo.<\/p>\n<p>Ao encontrar uma realidade de exclus&atilde;o social de um povo que vive &agrave; margem do progresso e do desenvolvimento, o Papa levou uma palavra de f&eacute; e de esperan&ccedil;a, enaltecendo a riqueza e valores dos povos ind&iacute;genas, que muito t&ecirc;m a nos ensinar diante da gan&acirc;ncia do lucro e do dom&iacute;nio desp&oacute;tico do homem sobre os bens da cria&ccedil;&atilde;o.<\/p>\n<p>&ldquo;A viol&ecirc;ncia, que est&aacute; no cora&ccedil;&atilde;o humano ferido pelo pecado, vislumbra-se nos sintomas de doen&ccedil;a que notamos no solo, na &aacute;gua, no ar e nos seres vivos&rdquo;, disse o Santo Padre em sua homilia, norteada pelo tema do cuidado da cria&ccedil;&atilde;o.<\/p>\n<p>&ldquo;O desafio ambiental que vivemos e as suas ra&iacute;zes humanas t&ecirc;m a ver com todos n&oacute;s (cf. ibid., 14) e interpelam-nos. N&atilde;o podemos permanecer indiferentes perante uma das maiores crises ambientais da hist&oacute;ria. Nisto, v&oacute;s tendes muito a ensinar-nos. Os vossos povos, como reconheceram os bispos da Am&eacute;rica Latina, sabem relacionar-se harmoniosamente com a natureza, que respeitam como &laquo;fonte de alimento, casa comum e altar do compartilhar humano&raquo;.&rdquo;<\/p>\n<p>No entanto, disse Francisco, &ldquo;muitas vezes, de forma sistem&aacute;tica e estrutural, os vossos povos acabaram incompreendidos e exclu&iacute;dos da sociedade&rdquo;.<\/p>\n<p>&ldquo;Alguns consideram inferiores os vossos valores, a vossa cultura e as vossas tradi&ccedil;&otilde;es. Outros, fascinados pelo poder, o dinheiro e as leis do mercado, espoliaram-vos das vossas terras ou realizaram empreendimentos que as contaminaram. Que tristeza! Como nos seria &uacute;til a todos fazer um exame de consci&ecirc;ncia e aprender a pedir perd&atilde;o!&rdquo;<\/p>\n<p>Francisco havia iniciado sua reflex&atilde;o partindo Salmo 18 &ldquo;A lei do Senhor &eacute; perfeita, reconforta a alma&rdquo;, lei que o povo de Israel recebera das m&atilde;os de Mois&eacute;s, um povo que experimentara a escravid&atilde;o e a tirania do Fara&oacute;, que experimentara a amargura e os maus-tratos, at&eacute; que Deus disse basta e ouviu o clamor de seu povo.<\/p>\n<p>&ldquo;Manifesta-se a&iacute; o rosto do nosso Deus, o rosto do Pai que sofre com a dor, os maus-tratos, a injusti&ccedil;a na vida de seus filhos; e a sua Palavra, a sua lei torna-se s&iacute;mbolo de liberdade, s&iacute;mbolo de alegria, sabedoria e luz&rdquo;, afirmou o Papa.<\/p>\n<p>&ldquo;No cora&ccedil;&atilde;o do homem e na mem&oacute;ria de muitos dos nossos povos, est&aacute; inscrito o anseio por uma terra, por um tempo em que o desprezo seja superado pela fraternidade, a injusti&ccedil;a seja vencida pela solidariedade e a viol&ecirc;ncia seja cancelada pela paz&rdquo;, acrescentou o Pont&iacute;fice.<\/p>\n<p>O nosso Pai n&atilde;o s&oacute; compartilha este anseio, mas Ele mesmo o suscitou e suscita dando-nos o seu filho Jesus Cristo. N&rsquo;Ele encontramos a solidariedade do Pai, que caminha ao nosso lado.<\/p>\n<p>&ldquo;N&rsquo;Ele vemos como aquela lei perfeita assume uma carne, assume um rosto, assume a hist&oacute;ria, para acompanhar e sustentar o seu povo; faz-se Caminho, faz-se Verdade, faz-se Vida, para que as trevas n&atilde;o tenham a &uacute;ltima palavra e a aurora n&atilde;o cesse de vir sobre a vida dos seus filhos.<\/p>\n<p>&ldquo;De muitas formas e maneiras se procurou silenciar e cancelar este anseio, de muitas maneiras procuraram anestesiar-nos a alma, de muitas formas pretenderam p&ocirc;r em letargo e adormecer a vida das nossas crian&ccedil;as e jovens com a insinua&ccedil;&atilde;o de que nada pode mudar ou trata-se de sonhos imposs&iacute;veis.&rdquo;<\/p>\n<p>Contra estas formas, a pr&oacute;pria cria&ccedil;&atilde;o sabe levantar a sua voz:<br \/>&ldquo;Esta irm&atilde; clama contra o mal que lhe provocamos por causa do uso irrespons&aacute;vel e do abuso dos bens que Deus nela colocou. Crescemos a pensar que &eacute;ramos seus propriet&aacute;rios e dominadores, autorizados a saque&aacute;-la (&#8230;). Por isso, entre os pobres mais abandonados e maltratados, conta-se a nossa terra oprimida e devastada, que &ldquo;geme e sofre as dores do parto.&rdquo;<\/p>\n<p>&ldquo;O mundo de hoje, espoliado pela cultura do descarte, necessita de v&oacute;s&rdquo;, disse o Papa na conclus&atilde;o exortando os jovens a conservarem a sabedoria dos anci&atilde;os:<\/p>\n<p>&ldquo;Os jovens de hoje, expostos a uma cultura que tenta suprimir todas as riquezas e caracter&iacute;sticas culturais tendo em vista um mundo homog&eacute;neo, precisam que n&atilde;o se perca a sabedoria dos vossos anci&atilde;os. O mundo de hoje, prisioneiro do pragmatismo, tem necessidade de voltar a aprender o valor da gratuidade.&rdquo;<\/p>\n<p>Ao t&eacute;rmino da celebra&ccedil;&atilde;o, as palavras comoventes de agradecimento ao Papa Francisco feitas por dois representantes das comunidades ind&iacute;genas.<\/p>\n<p>&ldquo;Mesmo se muitas pessoas nos desprezam, quiseste visitar-nos e levar-nos em considera&ccedil;&atilde;o, como fez a Virgem de Guadalupe com San Juan Dieguito&rdquo;, disse ele.<\/p>\n<p>&ldquo;Mesmo se vives em Roma, ti sentimos muito pr&oacute;ximo de n&oacute;s. Continuas a transmitir-nos a alegria do Evangelho e a ajudar-nos a cuidar da nossa irm&atilde; e m&atilde;e terra, que Deus nos doou. E recorda-te de n&oacute;s em tuas ora&ccedil;&otilde;es, a fim de que possamos realizar as obras de miseric&oacute;rdia&rdquo;, pediram os representantes ind&iacute;genas.<br \/><em><br \/><\/em>Fonte: R&aacute;dio Vaticano<\/p>\n<p style=\"text-align: justify;\">&nbsp;<\/p>\n<p style=\"text-align: justify;\">&nbsp;<\/p>\n","protected":false},"excerpt":{"rendered":"<p>[imagem2] &ldquo;Entre os pobres mais abandonados e maltratados, conta-se a nossa terra oprimida e devastada, que geme e sofre as dores do parto&rdquo;: foi o que disse o papa Francisco na missa de&#8230;<\/p>\n","protected":false},"author":1,"featured_media":1477,"comment_status":"open","ping_status":"open","sticky":false,"template":"","format":"standard","meta":[],"categories":[1],"tags":[],"_links":{"self":[{"href":"https:\/\/www.salvatorianas.org.br\/blog\/wp-json\/wp\/v2\/posts\/1236"}],"collection":[{"href":"https:\/\/www.salvatorianas.org.br\/blog\/wp-json\/wp\/v2\/posts"}],"about":[{"href":"https:\/\/www.salvatorianas.org.br\/blog\/wp-json\/wp\/v2\/types\/post"}],"author":[{"embeddable":true,"href":"https:\/\/www.salvatorianas.org.br\/blog\/wp-json\/wp\/v2\/users\/1"}],"replies":[{"embeddable":true,"href":"https:\/\/www.salvatorianas.org.br\/blog\/wp-json\/wp\/v2\/comments?post=1236"}],"version-history":[{"count":0,"href":"https:\/\/www.salvatorianas.org.br\/blog\/wp-json\/wp\/v2\/posts\/1236\/revisions"}],"wp:featuredmedia":[{"embeddable":true,"href":"https:\/\/www.salvatorianas.org.br\/blog\/wp-json\/wp\/v2\/media\/1477"}],"wp:attachment":[{"href":"https:\/\/www.salvatorianas.org.br\/blog\/wp-json\/wp\/v2\/media?parent=1236"}],"wp:term":[{"taxonomy":"category","embeddable":true,"href":"https:\/\/www.salvatorianas.org.br\/blog\/wp-json\/wp\/v2\/categories?post=1236"},{"taxonomy":"post_tag","embeddable":true,"href":"https:\/\/www.salvatorianas.org.br\/blog\/wp-json\/wp\/v2\/tags?post=1236"}],"curies":[{"name":"wp","href":"https:\/\/api.w.org\/{rel}","templated":true}]}}