{"id":1230,"date":"2016-02-18T00:00:00","date_gmt":"2016-02-18T00:00:00","guid":{"rendered":"https:\/\/www.salvatorianas.org.br\/blog\/conselho-congregacional-administracao-geral-das-irmas-do-divino-salvador-apresenta-relatorio-de-atividades\/"},"modified":"2016-02-18T00:00:00","modified_gmt":"2016-02-18T00:00:00","slug":"conselho-congregacional-administracao-geral-das-irmas-do-divino-salvador-apresenta-relatorio-de-atividades","status":"publish","type":"post","link":"https:\/\/www.salvatorianas.org.br\/blog\/conselho-congregacional-administracao-geral-das-irmas-do-divino-salvador-apresenta-relatorio-de-atividades\/","title":{"rendered":"Conselho Congregacional &#8211; Administra\u00e7\u00e3o Geral das Irm\u00e3s do Divino Salvador apresenta relat\u00f3rio de atividades"},"content":{"rendered":"<p style=\"text-align: justify;\">[imagem1]<\/p>\n<p style=\"text-align: justify;\">As Irm&atilde;s Salvatorianas, inspiradas pelo tema &ldquo;<strong>Mulheres Salvatorianas &ndash; Ap&oacute;stolas de nosso tempo<\/strong>&rdquo;, est&atilde;o reunidas em Medell&iacute;n, na Col&ocirc;mbia, para o Conselho Congregacional, entre os dias 08 a 28 de fevereiro de 2016.<\/p>\n<p style=\"text-align: justify;\">O Conselho Congregacional tem como finalidade promover a participa&ccedil;&atilde;o e a colabora&ccedil;&atilde;o entre a administra&ccedil;&atilde;o geral e as administra&ccedil;&otilde;es provinciais e regionais, fortalecendo, deste modo, a unidade da Congrega&ccedil;&atilde;o das Irm&atilde;s do Divino Salvador.<\/p>\n<p style=\"text-align: justify;\">A segunda semana do conselho foi dedicada para a aprecia&ccedil;&atilde;o do relat&oacute;rio geral e financeiro da Congrega&ccedil;&atilde;o, apresentado pela Coordena&ccedil;&atilde;o geral das Irm&atilde;s Salvatorianas. O relat&oacute;rio foi exibido a partir das cinco prioridades elegidas no XX Cap&iacute;tulo Geral que s&atilde;o:<\/p>\n<ul style=\"text-align: justify;\">\n<li>Aprofundar e redefinir nossa Identidade Apost&oacute;lica Salvatoriana.<\/li>\n<li>Prever Forma&ccedil;&atilde;o Hol&iacute;stica Contextualizada, em todas as etapas da vida.<\/li>\n<li>Colaborar com outros na Cultura da Solidariedade.<\/li>\n<li>Criar estruturas Congregacionais Significativas para a Miss&atilde;o.<\/li>\n<li>Continuar o nosso Plano de Autossustentabilidade Financeira na Cultura da Solidariedade.<\/li>\n<\/ul>\n<p style=\"text-align: justify;\">&nbsp;<\/p>\n<p style=\"text-align: justify;\">A avalia&ccedil;&atilde;o da Vida e Miss&atilde;o dos &uacute;ltimos tr&ecirc;s anos da Congrega&ccedil;&atilde;o, revelou que as Irm&atilde;s Salvatorianas est&atilde;o vivendo a sua miss&atilde;o solidificada na solidariedade para com o mundo que sofre, a fim de que todos possam experienciar Vida Plena, bem como est&atilde;o a caminho de uma solidariedade crescente entre todas as unidades, a partir da ora&ccedil;&atilde;o, reflex&atilde;o e a&ccedil;&atilde;o em todos os n&iacute;veis, para que continuem a realizar com paix&atilde;o a Miss&atilde;o Salvatoriana &ldquo;Que todos possam conhecer Deus e ter vida&rdquo;, em nosso mundo hoje.<\/p>\n<p style=\"text-align: justify;\">Durante a apresenta&ccedil;&atilde;o do relat&oacute;rio, ficou claro para os participantes que os desafios sempre estar&atilde;o presentes para concretizar a Miss&atilde;o Salvatoriana, mas a Cruz n&atilde;oe &eacute; o ponto final &ndash; a Ressurrei&ccedil;&atilde;o tem a &uacute;ltima palavra.<\/p>\n<p style=\"text-align: justify;\">O sentimento de gratid&atilde;o invadiu o cora&ccedil;&atilde;o de todas que est&atilde;o participando do Conselho. Gratid&atilde;o para com as Irm&atilde;s que exercem o servi&ccedil;o de Administra&ccedil;&atilde;o Geral das Irm&atilde;s do Divino Salvador: Coordenadora Geral: Ir. Edith Bramberger (&Aacute;ustra), Vice-Geral: Ir. Maria Yaneth Moreno R (Col&ocirc;mbia), Conselheiras: Ir. Lilly Kurien (India), Ir. Teresa Schlackl (&Aacute;ustria), Secret&aacute;ria: Ir. Marion Etzel (USA), e Tesoureira: Ir. Martha Gloria Mesa G. (Col&ocirc;mbia).<\/p>\n<p><strong>A todas, o nosso muito obrigado!<\/strong><\/p>\n<p>&nbsp;<\/p>\n","protected":false},"excerpt":{"rendered":"<p>[imagem1] As Irm&atilde;s Salvatorianas, inspiradas pelo tema &ldquo;Mulheres Salvatorianas &ndash; Ap&oacute;stolas de nosso tempo&rdquo;, est&atilde;o reunidas em Medell&iacute;n, na Col&ocirc;mbia, para o Conselho Congregacional, entre os dias 08 a 28 de fevereiro de&#8230;<\/p>\n","protected":false},"author":1,"featured_media":1476,"comment_status":"open","ping_status":"open","sticky":false,"template":"","format":"standard","meta":[],"categories":[1],"tags":[],"_links":{"self":[{"href":"https:\/\/www.salvatorianas.org.br\/blog\/wp-json\/wp\/v2\/posts\/1230"}],"collection":[{"href":"https:\/\/www.salvatorianas.org.br\/blog\/wp-json\/wp\/v2\/posts"}],"about":[{"href":"https:\/\/www.salvatorianas.org.br\/blog\/wp-json\/wp\/v2\/types\/post"}],"author":[{"embeddable":true,"href":"https:\/\/www.salvatorianas.org.br\/blog\/wp-json\/wp\/v2\/users\/1"}],"replies":[{"embeddable":true,"href":"https:\/\/www.salvatorianas.org.br\/blog\/wp-json\/wp\/v2\/comments?post=1230"}],"version-history":[{"count":0,"href":"https:\/\/www.salvatorianas.org.br\/blog\/wp-json\/wp\/v2\/posts\/1230\/revisions"}],"wp:featuredmedia":[{"embeddable":true,"href":"https:\/\/www.salvatorianas.org.br\/blog\/wp-json\/wp\/v2\/media\/1476"}],"wp:attachment":[{"href":"https:\/\/www.salvatorianas.org.br\/blog\/wp-json\/wp\/v2\/media?parent=1230"}],"wp:term":[{"taxonomy":"category","embeddable":true,"href":"https:\/\/www.salvatorianas.org.br\/blog\/wp-json\/wp\/v2\/categories?post=1230"},{"taxonomy":"post_tag","embeddable":true,"href":"https:\/\/www.salvatorianas.org.br\/blog\/wp-json\/wp\/v2\/tags?post=1230"}],"curies":[{"name":"wp","href":"https:\/\/api.w.org\/{rel}","templated":true}]}}