{"id":1225,"date":"2016-02-20T00:00:00","date_gmt":"2016-02-20T00:00:00","guid":{"rendered":"https:\/\/www.salvatorianas.org.br\/blog\/reflexao-dominical-somos-seres-transfigurados-e-nao-sabiamos\/"},"modified":"2016-02-20T00:00:00","modified_gmt":"2016-02-20T00:00:00","slug":"reflexao-dominical-somos-seres-transfigurados-e-nao-sabiamos","status":"publish","type":"post","link":"https:\/\/www.salvatorianas.org.br\/blog\/reflexao-dominical-somos-seres-transfigurados-e-nao-sabiamos\/","title":{"rendered":"Reflex\u00e3o Dominical &#8211; &#8220;Somos seres transfigurados&#8230;, e n\u00e3o sab\u00edamos&#8221;"},"content":{"rendered":"<p style=\"text-align: center;\">[imagem1]<\/p>\n<p style=\"text-align: center;\">&ldquo;Enquanto rezava, seu rosto mudou de apar&ecirc;ncia e sua roupa ficou muito branca e brilhante&rdquo; (Lc 9,29)<\/p>\n<p style=\"text-align: justify;\">O relato da Transfigura&ccedil;&atilde;o n&atilde;o &eacute; cr&ocirc;nica de um fato hist&oacute;rico; &eacute;, muito mais, a experi&ecirc;ncia de f&eacute; dos disc&iacute;pulos que, com toda certeza, perceberam em Jesus uma &ldquo;transpar&ecirc;ncia&rdquo;&nbsp; ou &ldquo;profundidade&rdquo; que os impactou profundamente.&nbsp;<\/p>\n<p style=\"text-align: justify;\">Podemos expressar numa frase o significado do relato: &ldquo;Jesus &eacute; transpar&ecirc;ncia do divino&rdquo;. Por isso, podemos dizer tamb&eacute;m que Ele &eacute; um homem transfigurado. Jesus viveu constantemente transfigurado. A transfigura&ccedil;&atilde;o n&atilde;o foi um fato isolado na vida do Mestre de Nazar&eacute;, mas o &lsquo;estado habitual de seu ser&rsquo;. Mas foi durante sua ora&ccedil;&atilde;o no monte que Jesus deixou transparecer sua identidade mais profunda e escondida; algo que os seus disc&iacute;pulos n&atilde;o podiam captar no ritmo da vida cotidiana.&nbsp;<\/p>\n<p style=\"text-align: justify;\">Qu&ecirc; fazia de Jesus um &ldquo;homem transfigurado?&rdquo; Era sua bondade, sua compaix&atilde;o, sua autenticidade, sua integridade e coer&ecirc;ncia, sua liberdade, seu projeto de vida, sua rela&ccedil;&atilde;o com o Pai&#8230; Ou seja, o que h&aacute; de divino em Jesus est&aacute; em sua humanidade. S&oacute; no humano transparece Deus.&nbsp;<\/p>\n<p style=\"text-align: justify;\">Jesus nos d&aacute; a medida do humano: ser pessoa compassiva e comprometida com os demais. &Eacute; precisamente na condi&ccedil;&atilde;o humana de Jesus onde podemos conhecer quem &eacute; Deus e como &eacute; Deus. Mais ainda, &eacute; na entranh&aacute;vel humanidade de Jesus onde compreendemos a profunda e desconcertante humanidade de Deus.&nbsp;<\/p>\n<p style=\"text-align: justify;\">Sua humanidade e sua divindade se expressavam cada vez que Ele se aproximava das pessoas, especialmente as mais exclu&iacute;das e sofredoras, ajudando-as a reconstruir a pr&oacute;pria humanidade ferida. Sua humanidade levada &agrave; plenitude &eacute; Palavra definitiva. Por isso, &eacute; preciso &ldquo;escut&aacute;-Lo<strong>&rdquo;. Escutar o &ldquo;Filho amado&rdquo; &eacute; transformar-se n&rsquo;Ele e levar uma vida comprometida, semelhante &agrave; d&rsquo;Ele, ou seja, empapar-se do &ldquo;modo&rdquo; como Ele humanamente viveu.<\/strong>&nbsp;<\/p>\n<p style=\"text-align: justify;\">A Transfigura&ccedil;&atilde;o est&aacute; nos dizendo quem era realmente Jesus e quem somos realmente cada um de n&oacute;s. Ela nos revela tamb&eacute;m nossa identidade e nos faz caminhar em dire&ccedil;&atilde;o &agrave; nossa pr&oacute;pria humanidade. Por isso, uma pessoa transfigurada &eacute; uma pessoa profundamente humana.&nbsp;<strong>Tudo o que &eacute; autenticamente humano &eacute; transpar&ecirc;ncia de Deus<\/strong>. Em outras palavras, a viv&ecirc;ncia do humano nos diviniza.&nbsp;<\/p>\n<p style=\"text-align: justify;\">Somos todos &ldquo;pessoas transfiguradas&rdquo;&#8230;, mas desconhecemos essa realidade surpreendente. Na Transfigura&ccedil;&atilde;o, Jesus nos faz descobrir nosso verdadeiro ser, que vemos refletido n&rsquo;Ele. Jesus continua se &ldquo;transfigurando&rdquo; na montanha interior de cada um de n&oacute;s. N&rsquo;Ele, encontramos &ldquo;indica&ccedil;&otilde;es&rdquo; que nos conduzir&atilde;o a essa descoberta: a viv&ecirc;ncia do amor, da compaix&atilde;o, da confian&ccedil;a, do sil&ecirc;ncio, da coragem, da experi&ecirc;ncia de Deus&#8230;&nbsp;<\/p>\n<p style=\"text-align: justify;\"><strong>A transfigura&ccedil;&atilde;o n&atilde;o &eacute; condi&ccedil;&atilde;o de um &ldquo;iluminado&rdquo;, mas a realidade de toda pessoa que &eacute; capaz de &ldquo;sair de seu pr&oacute;prio amor, querer e interesse&rdquo;<\/strong>&nbsp;(S. In&aacute;cio). Transfigurar &eacute; descentrar-se e expandir-se na dire&ccedil;&atilde;o do outro. Transfigurar &eacute; ativar todas as possibilidades de vida para que ela se torne oblativa.&nbsp;<\/p>\n<p style=\"text-align: justify;\">Tal experi&ecirc;ncia tamb&eacute;m nos confere um &ldquo;olhar contemplativo&rdquo; que nos faz descobrir que toda realidade j&aacute; est&aacute; &ldquo;transfigurada&rdquo;. Seguramente reacender&aacute; em n&oacute;s a capacidade de admira&ccedil;&atilde;o, de assombro e de contempla&ccedil;&atilde;o, para ver as pessoas e &ldquo;todas as coisas criadas&rdquo; para al&eacute;m do meramente superficial. O olhar habitual de nosso contexto p&oacute;s-moderno n&atilde;o &eacute; precisamente esse, mas outro, caracterizado pelo imediatismo, pragmatismo, interesse e voracidade. Em tal contexto h&aacute; tanta superficialidade e tanto narcisismo que a viv&ecirc;ncia da profundidade, do sil&ecirc;ncio, da admira&ccedil;&atilde;o&#8230; se tornam estranhos para n&oacute;s.&nbsp;<\/p>\n<p style=\"text-align: justify;\"><strong>A Transfigura&ccedil;&atilde;o possibilita cultivar um &ldquo;olhar&rdquo; que sabe ver em profundidade<\/strong>, descobrindo em cada ser humano, para al&eacute;m de suas apar&ecirc;ncias, um ser transfigurado, porque somos capazes de v&ecirc;-lo em sua beleza e bondade originais; um olhar que sabe deixar-se impactar por tudo aquilo que nos cerca e &eacute; capaz de render-se diante do Mist&eacute;rio.&nbsp;<\/p>\n<p style=\"text-align: justify;\">Nesse sentido, &ldquo;subir&rdquo; ao Tabor implica &ldquo;descer&rdquo; em dire&ccedil;&atilde;o &agrave; nossa pr&oacute;pria humanidade. A Montanha nos &ldquo;transfigura&rdquo; , revelando nosso ser essencial. Todos estamos dispostos a &ldquo;subir&rdquo;, mas nos custa muito &ldquo;descer&rdquo;. N&atilde;o haver&aacute; plenitude de humanidade enquanto os de cima n&atilde;o decidam descer, e os de baixo n&atilde;o renunciem subir passando por cima dos outros.<\/p>\n<p style=\"text-align: justify;\">N&atilde;o se trata de ter a antena dirigida ao c&eacute;u para esperar que dali venha algumas palavras para indicar o que devemos fazer. Trata-se de descobrir a voz de Deus no grito desesperado de cada um dos seres humanos que encontramos em nosso caminhar. &nbsp;&ldquo;Humanizemo-nos!&rdquo;&nbsp; Esta &eacute; a voz d&rsquo;Aquele que viveu permanentemente &ldquo;transfigurado-humanizado&rdquo;.&nbsp;<\/p>\n<p style=\"text-align: justify;\">Aquele Monte (Tabor) &eacute; um espa&ccedil;o instigante, lugar alto de experi&ecirc;ncia radical de Jesus, para ver os problemas da humanidade, para senti-los, para assumi-los e mudar&#8230; Jesus nos faz subir &agrave; grande montanha para que vejamos as coisas de outra forma, de outra perspectiva&#8230; &Eacute; preciso, de vez em quando, tomar dist&acirc;ncia e nos afastar do cotidiano rotineiro e atrofiado, para ampliar nossa vis&atilde;o e contemplar o drama humano; &eacute; decisivo nos situar diante do calor de Deus (sar&ccedil;a ardente) para desvelar nossa verdadeira identidade. Somente assim a Montanha nos transfigurar&aacute; para que nos empenhemos a servi&ccedil;o dos &ldquo;desfigurados&rdquo; do mundo.<\/p>\n<p style=\"text-align: justify;\">A espiritualidade crist&atilde; nos possibilita fazer a s&iacute;ntese entre o novo e o antigo, entre a interioridade e exterioridade, enfim, s&iacute;ntese entre a Transfigura&ccedil;&atilde;o do Tabor e o cotidiano da vida comprometida com os desafios do vale. S&iacute;nteses profundas que nos educam para a &ldquo;liberdade dos filhos de Deus&rdquo; (Rom. 8,21).<\/p>\n<p style=\"text-align: justify;\">A transfigura&ccedil;&atilde;o de Jesus &eacute; como uma par&aacute;bola que nos recorda: a voca&ccedil;&atilde;o crist&atilde; &eacute; transfigurar o tempo e o espa&ccedil;o. &Eacute; preciso transfigurar nossas rela&ccedil;&otilde;es humanas: passar de relacionamentos interesseiros a rela&ccedil;&otilde;es afetuosas e am&aacute;veis.&nbsp;<\/p>\n<p style=\"text-align: justify;\">&Eacute; urgente transfigurar a pol&iacute;tica, transformando o poder e a gest&atilde;o da coisa p&uacute;blica em servi&ccedil;o ao bem-comum. &Eacute; preciso transfigurar a natureza na comunh&atilde;o do ser humano com o universo.<\/p>\n<p style=\"text-align: justify;\">A Transfigura&ccedil;&atilde;o do ser humano acontece no cora&ccedil;&atilde;o de cada um que cr&ecirc;. &Eacute; Deus que nos transfigura, &ldquo;mudando nosso cora&ccedil;&atilde;o de pedra em cora&ccedil;&atilde;o de carne&rdquo; (Ez. 36,26).&nbsp;<\/p>\n<p style=\"text-align: justify;\"><strong>Texto b&iacute;blico:&nbsp; Lc 9,28-36<\/strong><\/p>\n<p style=\"text-align: justify;\"><strong>Na ora&ccedil;&atilde;o:<\/strong>&nbsp;Na nossa vida de seguidores de Jesus n&atilde;o faltam momentos de claridade e certeza, de alegria de luz. Ignoramos o que aconteceu no alto do Tabor, mas sabemos que na ora&ccedil;&atilde;o e no sil&ecirc;ncio &eacute; poss&iacute;vel vislumbrar algo de nossa identidade interior.&nbsp;<\/p>\n<p style=\"text-align: justify;\">A ora&ccedil;&atilde;o nos transfigura e nos faz descer em dire&ccedil;&atilde;o &agrave; nossa pr&oacute;pria humanidade e &agrave; humanidade dos outros.&nbsp;<\/p>\n<p style=\"text-align: justify;\">Na vida de cada um de n&oacute;s, como na vida de todo ser humano, certamente encontramos tempos especiais ou momentos privilegiados, cheios de sentido, embriagados de amor, de felicidade plena. Reviver estes momentos ou tempos nos far&aacute; bem: quais foram? Como aconteceram? Como os vivemos, que sentimos, porque acabaram?<\/p>\n<p style=\"text-align: justify;\">* Fazer um tempo de ora&ccedil;&atilde;o revisitando em sua mem&oacute;ria essas viv&ecirc;ncias de &ldquo;transfigura&ccedil;&atilde;o&rdquo;.&nbsp;<\/p>\n<p style=\"text-align: justify;\"><strong>Pe. Adroaldo Palaoro sj<\/strong><\/p>\n<p style=\"text-align: justify;\">&nbsp;<\/p>\n","protected":false},"excerpt":{"rendered":"<p>[imagem1] &ldquo;Enquanto rezava, seu rosto mudou de apar&ecirc;ncia e sua roupa ficou muito branca e brilhante&rdquo; (Lc 9,29) O relato da Transfigura&ccedil;&atilde;o n&atilde;o &eacute; cr&ocirc;nica de um fato hist&oacute;rico; &eacute;, muito mais, a&#8230;<\/p>\n","protected":false},"author":1,"featured_media":1398,"comment_status":"open","ping_status":"open","sticky":false,"template":"","format":"standard","meta":[],"categories":[1],"tags":[],"_links":{"self":[{"href":"https:\/\/www.salvatorianas.org.br\/blog\/wp-json\/wp\/v2\/posts\/1225"}],"collection":[{"href":"https:\/\/www.salvatorianas.org.br\/blog\/wp-json\/wp\/v2\/posts"}],"about":[{"href":"https:\/\/www.salvatorianas.org.br\/blog\/wp-json\/wp\/v2\/types\/post"}],"author":[{"embeddable":true,"href":"https:\/\/www.salvatorianas.org.br\/blog\/wp-json\/wp\/v2\/users\/1"}],"replies":[{"embeddable":true,"href":"https:\/\/www.salvatorianas.org.br\/blog\/wp-json\/wp\/v2\/comments?post=1225"}],"version-history":[{"count":0,"href":"https:\/\/www.salvatorianas.org.br\/blog\/wp-json\/wp\/v2\/posts\/1225\/revisions"}],"wp:featuredmedia":[{"embeddable":true,"href":"https:\/\/www.salvatorianas.org.br\/blog\/wp-json\/wp\/v2\/media\/1398"}],"wp:attachment":[{"href":"https:\/\/www.salvatorianas.org.br\/blog\/wp-json\/wp\/v2\/media?parent=1225"}],"wp:term":[{"taxonomy":"category","embeddable":true,"href":"https:\/\/www.salvatorianas.org.br\/blog\/wp-json\/wp\/v2\/categories?post=1225"},{"taxonomy":"post_tag","embeddable":true,"href":"https:\/\/www.salvatorianas.org.br\/blog\/wp-json\/wp\/v2\/tags?post=1225"}],"curies":[{"name":"wp","href":"https:\/\/api.w.org\/{rel}","templated":true}]}}