{"id":1197,"date":"2016-02-29T00:00:00","date_gmt":"2016-02-29T00:00:00","guid":{"rendered":"https:\/\/www.salvatorianas.org.br\/blog\/jovens-participam-de-encontro-vocacional-salvatoriano\/"},"modified":"2018-04-17T11:52:57","modified_gmt":"2018-04-17T11:52:57","slug":"jovens-participam-de-encontro-vocacional-salvatoriano","status":"publish","type":"post","link":"https:\/\/www.salvatorianas.org.br\/blog\/jovens-participam-de-encontro-vocacional-salvatoriano\/","title":{"rendered":"Jovens participam de encontro vocacional salvatoriano"},"content":{"rendered":"<p style=\"text-align: justify;\">No \u00faltimo S\u00e1bado, 27, foi realiza no Semin\u00e1rio Salvatoriano Instituto Videirense, em Videira \u2013SC, o 1\u00ba \u00a0Encontro Vocacional da Par\u00f3quia Imaculada Concei\u00e7\u00e3o. O encontro contou com a participa\u00e7\u00e3o de 34 jovens e teve como tema central: Voca\u00e7\u00e3o Salvatoriana.<\/p>\n<p style=\"text-align: justify;\">\u00a0Durante o encontro, os participantes puderam refletir sobre o convite pessoal que Jesus faz a cada pessoa para segui-lo, a miss\u00e3o da Igreja, a atua\u00e7\u00e3o da Fam\u00edlia Salvatoriana no mundo. Envolvidos por estas tem\u00e1ticas, os jovens participaram de uma vig\u00edlia vocacional, um momento \u00fanico para rezar e aprofundar o projeto que Deus tem para a sua vida.<\/p>\n<p style=\"text-align: justify;\">A programa\u00e7\u00e3o contou com diferentes atividades. Entre elas, momentos de entrosamento, ora\u00e7\u00e3o, din\u00e2micas diversas, anima\u00e7\u00e3o, reflex\u00f5es sobre a voca\u00e7\u00e3o e momentos de recrea\u00e7\u00e3o. O evento foi coordenado pelo Di\u00e1cono Rafael Santos, Ir. S\u00f4nia Estela Agostini, Ir. Beatriz Baseggio, Ir. Luana Rodrigues e o jovem Jo\u00e3o Paulo Secco.<\/p>\n<p style=\"text-align: center;\"><strong>Deus nos chama! Ele nos ama!<\/strong><\/p>\n<p style=\"text-align: justify;\">\n","protected":false},"excerpt":{"rendered":"<p>No \u00faltimo S\u00e1bado, 27, foi realiza no Semin\u00e1rio Salvatoriano Instituto Videirense, em Videira \u2013SC, o 1\u00ba \u00a0Encontro Vocacional da Par\u00f3quia Imaculada Concei\u00e7\u00e3o. O encontro contou com a participa\u00e7\u00e3o de 34 jovens e teve&#8230;<\/p>\n","protected":false},"author":1,"featured_media":5675,"comment_status":"open","ping_status":"open","sticky":false,"template":"","format":"standard","meta":[],"categories":[28],"tags":[],"_links":{"self":[{"href":"https:\/\/www.salvatorianas.org.br\/blog\/wp-json\/wp\/v2\/posts\/1197"}],"collection":[{"href":"https:\/\/www.salvatorianas.org.br\/blog\/wp-json\/wp\/v2\/posts"}],"about":[{"href":"https:\/\/www.salvatorianas.org.br\/blog\/wp-json\/wp\/v2\/types\/post"}],"author":[{"embeddable":true,"href":"https:\/\/www.salvatorianas.org.br\/blog\/wp-json\/wp\/v2\/users\/1"}],"replies":[{"embeddable":true,"href":"https:\/\/www.salvatorianas.org.br\/blog\/wp-json\/wp\/v2\/comments?post=1197"}],"version-history":[{"count":2,"href":"https:\/\/www.salvatorianas.org.br\/blog\/wp-json\/wp\/v2\/posts\/1197\/revisions"}],"predecessor-version":[{"id":5676,"href":"https:\/\/www.salvatorianas.org.br\/blog\/wp-json\/wp\/v2\/posts\/1197\/revisions\/5676"}],"wp:featuredmedia":[{"embeddable":true,"href":"https:\/\/www.salvatorianas.org.br\/blog\/wp-json\/wp\/v2\/media\/5675"}],"wp:attachment":[{"href":"https:\/\/www.salvatorianas.org.br\/blog\/wp-json\/wp\/v2\/media?parent=1197"}],"wp:term":[{"taxonomy":"category","embeddable":true,"href":"https:\/\/www.salvatorianas.org.br\/blog\/wp-json\/wp\/v2\/categories?post=1197"},{"taxonomy":"post_tag","embeddable":true,"href":"https:\/\/www.salvatorianas.org.br\/blog\/wp-json\/wp\/v2\/tags?post=1197"}],"curies":[{"name":"wp","href":"https:\/\/api.w.org\/{rel}","templated":true}]}}