{"id":1182,"date":"2016-03-03T00:00:00","date_gmt":"2016-03-03T00:00:00","guid":{"rendered":"https:\/\/www.salvatorianas.org.br\/blog\/abraco-coletivo-no-colegio-salvatoriano-imaculada-conceicao\/"},"modified":"2016-03-03T00:00:00","modified_gmt":"2016-03-03T00:00:00","slug":"abraco-coletivo-no-colegio-salvatoriano-imaculada-conceicao","status":"publish","type":"post","link":"https:\/\/www.salvatorianas.org.br\/blog\/abraco-coletivo-no-colegio-salvatoriano-imaculada-conceicao\/","title":{"rendered":"Abra\u00e7o coletivo no Col\u00e9gio Salvatoriano Imaculada Concei\u00e7\u00e3o"},"content":{"rendered":"<p>[imagem1]<\/p>\n<p>&nbsp;<\/p>\n<p style=\"text-align: justify;\">Com alegria e &nbsp;emo&ccedil;&atilde;o Irm&atilde;s, educadores, educandos, familiares, autoridades e pessoas da comunidade participaram do abra&ccedil;o coletivo no Col&eacute;gio Salvatoriano Imaculada Concei&ccedil;&atilde;o, no dia 01 de mar&ccedil;o. O ato reuniu mais de 600 pessoas e marcou a abertura da contagem regressiva para os 80 anos da institui&ccedil;&atilde;o.<\/p>\n<p style=\"text-align: justify;\">Inicialmente foi aclamado um pequeno hist&oacute;rico da chegada das primeiras Irm&atilde;s vindas da Alemanha, que&nbsp; deram &nbsp;inicio nas atividades educacionais com coragem, determina&ccedil;&atilde;o, sabedoria &nbsp;e amor, marcando hist&oacute;ria atrav&eacute;s da constru&ccedil;&atilde;o do conhecimento e &agrave; viv&ecirc;ncia dos valores crist&atilde;os.<\/p>\n<p style=\"text-align: justify;\">Durante a cerim&ocirc;nia, tamb&eacute;m foi realizada uma singela homenagem ao Munic&iacute;pio de Videira-SC pelos seus 72 anos. O prefeito Wilmar Carelli marcou presen&ccedil;a, e destacou a import&acirc;ncia da institui&ccedil;&atilde;o de ensino que a quase 80 anos vem oportunizando uma educa&ccedil;&atilde;o de qualidade.<\/p>\n<p style=\"text-align: justify;\">&#8220;Somos felizes e agradecidos a Deus e a Padroeira Imaculada Concei&ccedil;&atilde;o, pela caminhada hist&oacute;rica &nbsp;construida pela dedica&ccedil;&atilde;o e doa&ccedil;&atilde;o de muitos, semeando valores e concretizando a miss&atilde;o. &nbsp;Hoje, continuamos com renovado compromisso de fidelidade com a cultura, a arte, a &eacute;tica e a forma&ccedil;&atilde;o humano-espiritual de nossos educandos&#8221;, ressaltou a vice-diretora Ir. Noemi Berlanda.<\/p>\n<p style=\"text-align: justify;\">Este foi efetivamente um momento hist&oacute;rico na vida e miss&atilde;o Salvatoriana no munic&iacute;pio de Videira e regi&atilde;o.<\/p>\n<p style=\"text-align: justify;\">&nbsp;<\/p>\n<p>[imagem2]<\/p>\n<p>&nbsp;<\/p>\n<p>[imagem3]<\/p>\n<p>&nbsp;<\/p>\n","protected":false},"excerpt":{"rendered":"<p>[imagem1] &nbsp; Com alegria e &nbsp;emo&ccedil;&atilde;o Irm&atilde;s, educadores, educandos, familiares, autoridades e pessoas da comunidade participaram do abra&ccedil;o coletivo no Col&eacute;gio Salvatoriano Imaculada Concei&ccedil;&atilde;o, no dia 01 de mar&ccedil;o. O ato reuniu mais&#8230;<\/p>\n","protected":false},"author":1,"featured_media":1375,"comment_status":"open","ping_status":"open","sticky":false,"template":"","format":"standard","meta":[],"categories":[1],"tags":[],"_links":{"self":[{"href":"https:\/\/www.salvatorianas.org.br\/blog\/wp-json\/wp\/v2\/posts\/1182"}],"collection":[{"href":"https:\/\/www.salvatorianas.org.br\/blog\/wp-json\/wp\/v2\/posts"}],"about":[{"href":"https:\/\/www.salvatorianas.org.br\/blog\/wp-json\/wp\/v2\/types\/post"}],"author":[{"embeddable":true,"href":"https:\/\/www.salvatorianas.org.br\/blog\/wp-json\/wp\/v2\/users\/1"}],"replies":[{"embeddable":true,"href":"https:\/\/www.salvatorianas.org.br\/blog\/wp-json\/wp\/v2\/comments?post=1182"}],"version-history":[{"count":0,"href":"https:\/\/www.salvatorianas.org.br\/blog\/wp-json\/wp\/v2\/posts\/1182\/revisions"}],"wp:featuredmedia":[{"embeddable":true,"href":"https:\/\/www.salvatorianas.org.br\/blog\/wp-json\/wp\/v2\/media\/1375"}],"wp:attachment":[{"href":"https:\/\/www.salvatorianas.org.br\/blog\/wp-json\/wp\/v2\/media?parent=1182"}],"wp:term":[{"taxonomy":"category","embeddable":true,"href":"https:\/\/www.salvatorianas.org.br\/blog\/wp-json\/wp\/v2\/categories?post=1182"},{"taxonomy":"post_tag","embeddable":true,"href":"https:\/\/www.salvatorianas.org.br\/blog\/wp-json\/wp\/v2\/tags?post=1182"}],"curies":[{"name":"wp","href":"https:\/\/api.w.org\/{rel}","templated":true}]}}