{"id":1153,"date":"2016-03-11T00:00:00","date_gmt":"2016-03-11T00:00:00","guid":{"rendered":"https:\/\/www.salvatorianas.org.br\/blog\/francisco-confia-intencoes-de-oracao-para-marco\/"},"modified":"2016-03-11T00:00:00","modified_gmt":"2016-03-11T00:00:00","slug":"francisco-confia-intencoes-de-oracao-para-marco","status":"publish","type":"post","link":"https:\/\/www.salvatorianas.org.br\/blog\/francisco-confia-intencoes-de-oracao-para-marco\/","title":{"rendered":"Francisco confia inten\u00e7\u00f5es de ora\u00e7\u00e3o para mar\u00e7o"},"content":{"rendered":"<p>[imagem1]<\/p>\n<p>&nbsp;<\/p>\n<p>Nas inten&ccedil;&otilde;es de ora&ccedil;&atilde;o desse m&ecirc;s, Papa convida fi&eacute;is a rezar pelas fam&iacute;lias em dificuldade.<\/p>\n<p style=\"text-align: justify;\">A fam&iacute;lia &eacute; um dos bens mais preciosos da humanidade, afirma o Pont&iacute;fice.<\/p>\n<p style=\"text-align: justify;\">&#8211; Mas n&atilde;o ser&aacute; tamb&eacute;m o mais vulner&aacute;vel? Questiona Francisco.<\/p>\n<p style=\"text-align: justify;\">Ao afirmar que quando a fam&iacute;lia n&atilde;o &eacute; protegida e surgem as dificuldades econ&ocirc;micas, de sa&uacute;de, de qualquer tipo, as crian&ccedil;as crescem em situa&ccedil;&otilde;es dif&iacute;ceis, o Papa faz a seguinte proposta:<\/p>\n<p style=\"text-align: justify;\">&ldquo;Quero partilhar com todos e com Jesus a minha inten&ccedil;&atilde;o deste m&ecirc;s: para que as fam&iacute;lias em dificuldade recebam os apoios necess&aacute;rios e as crian&ccedil;as possam crescer em ambientes saud&aacute;veis e serenos&rdquo;.<\/p>\n<p style=\"text-align: justify;\">&nbsp;<\/p>\n<p><iframe loading=\"lazy\" style=\"display: block; margin-left: auto; margin-right: auto;\" src=\"http:\/\/www.youtube.com\/embed\/C5B4xNuQn-w?rel=0\" width=\"640\" height=\"360\" frameborder=\"0\" allowfullscreen=\"allowfullscreen\"><\/iframe><\/p>\n<p>&nbsp;<\/p>\n<p>&nbsp;Este&nbsp;v&iacute;deo em que o Papa confia as suas inten&ccedil;&otilde;es de ora&ccedil;&atilde;o ao Apostolado da Ora&ccedil;&atilde;o para o m&ecirc;s de mar&ccedil;o, foi divulgado&nbsp;na&nbsp;quinta-feira (10\/03).&nbsp;Essa &eacute; uma iniciativa seguida por fi&eacute;is em todo o mundo.<\/p>\n<p>&nbsp;<\/p>\n<p>&nbsp;<\/p>\n","protected":false},"excerpt":{"rendered":"<p>[imagem1] &nbsp; Nas inten&ccedil;&otilde;es de ora&ccedil;&atilde;o desse m&ecirc;s, Papa convida fi&eacute;is a rezar pelas fam&iacute;lias em dificuldade. A fam&iacute;lia &eacute; um dos bens mais preciosos da humanidade, afirma o Pont&iacute;fice. &#8211; Mas n&atilde;o&#8230;<\/p>\n","protected":false},"author":1,"featured_media":1357,"comment_status":"open","ping_status":"open","sticky":false,"template":"","format":"standard","meta":[],"categories":[1],"tags":[],"_links":{"self":[{"href":"https:\/\/www.salvatorianas.org.br\/blog\/wp-json\/wp\/v2\/posts\/1153"}],"collection":[{"href":"https:\/\/www.salvatorianas.org.br\/blog\/wp-json\/wp\/v2\/posts"}],"about":[{"href":"https:\/\/www.salvatorianas.org.br\/blog\/wp-json\/wp\/v2\/types\/post"}],"author":[{"embeddable":true,"href":"https:\/\/www.salvatorianas.org.br\/blog\/wp-json\/wp\/v2\/users\/1"}],"replies":[{"embeddable":true,"href":"https:\/\/www.salvatorianas.org.br\/blog\/wp-json\/wp\/v2\/comments?post=1153"}],"version-history":[{"count":0,"href":"https:\/\/www.salvatorianas.org.br\/blog\/wp-json\/wp\/v2\/posts\/1153\/revisions"}],"wp:featuredmedia":[{"embeddable":true,"href":"https:\/\/www.salvatorianas.org.br\/blog\/wp-json\/wp\/v2\/media\/1357"}],"wp:attachment":[{"href":"https:\/\/www.salvatorianas.org.br\/blog\/wp-json\/wp\/v2\/media?parent=1153"}],"wp:term":[{"taxonomy":"category","embeddable":true,"href":"https:\/\/www.salvatorianas.org.br\/blog\/wp-json\/wp\/v2\/categories?post=1153"},{"taxonomy":"post_tag","embeddable":true,"href":"https:\/\/www.salvatorianas.org.br\/blog\/wp-json\/wp\/v2\/tags?post=1153"}],"curies":[{"name":"wp","href":"https:\/\/api.w.org\/{rel}","templated":true}]}}