{"id":115,"date":"2018-02-19T00:00:00","date_gmt":"2018-02-19T00:00:00","guid":{"rendered":"https:\/\/www.salvatorianas.org.br\/blog\/abertura-do-cinquentenario-da-beatificacao-da-bem-aventurada-maria-dos-apostolos\/"},"modified":"2018-04-18T11:05:24","modified_gmt":"2018-04-18T11:05:24","slug":"abertura-do-cinquentenario-da-beatificacao-da-bem-aventurada-maria-dos-apostolos","status":"publish","type":"post","link":"https:\/\/www.salvatorianas.org.br\/blog\/abertura-do-cinquentenario-da-beatificacao-da-bem-aventurada-maria-dos-apostolos\/","title":{"rendered":"Abertura do Cinquenten\u00e1rio da Beatifica\u00e7\u00e3o da Bem-aventurada Maria dos Ap\u00f3stolos"},"content":{"rendered":"<p class=\"MsoNormal\" style=\"text-align: justify;\">No dia em que celebramos o nascimento de Madre Maria dos Ap\u00f3stolos, 19 de fevereiro, a Fam\u00edlia Salvatoriana inicia o Ano Cinquenten\u00e1rio da Beatifica\u00e7\u00e3o da Bem-aventurada Mariados Ap\u00f3stolos. Ao celebrarmos esse jubileu, fazemos mem\u00f3ria do caminho de santidade vivido por esta que \u00e9 por excel\u00eancia uma aut\u00eantica Irm\u00e3 do Divino Salvador.\u00a0 Mulher profundamente apost\u00f3lica e mission\u00e1ria, peregrina na f\u00e9, incans\u00e1vel na busca da vontade de Deus, mulher livre, despojada e dedicada aos pobres &#8211; inspira\u00e7\u00e3o para nossa vida apost\u00f3lica.<\/p>\n<p class=\"MsoNormal\" style=\"text-align: justify;\">O Papa Paulo VI a declarou&#8221;Bem-Aventurada&#8221; no dia 13 de outubro de 1968. Sua festa \u00e9 celebradano dia 5 de setembro. Vale lembrar um trecho da homilia do Papa na festa dabeatifica\u00e7\u00e3o: \u201cA nossa aten\u00e7\u00e3o limita-se, neste momento, a admirar o duploaspecto que caracteriza a voca\u00e7\u00e3o e a vida da Bem-Aventurada: apostolado emiss\u00f5es. S\u00e3o t\u00edtulos que pertencem a uma mesma pessoa, que fez do apostolado araz\u00e3o de sua vida e o motivo de sua dedica\u00e7\u00e3o, de sua abnega\u00e7\u00e3o total pelacausa de Cristo, o Salvador do Mundo. Quis que seu apostolado ousasse aspirar econseguir a sua express\u00e3o evang\u00e9lica e moderna mais ardente, a express\u00e3omission\u00e1ria [&#8230;]. Na ocasi\u00e3o o Papa Paulo VI a qualificou como \u201cmulhersingular, cheia de cultura, sensibilidade humana e fervor espiritual\u201d.<\/p>\n<p class=\"MsoNormal\" style=\"text-align: justify;\">Contemplar a vida daBem-aventurada Maria dos Ap\u00f3stolos, seu carisma original, suas buscas e suam\u00edstica no seguimento de Jesus Salvador nos provoca a revigorar nossa vidaSalvatoriana e ressignificar nossa Identidade Apost\u00f3lica para nossos dias.<\/p>\n<p class=\"MsoNormal\" style=\"text-align: justify;\">Ao contemplar sua caminhada,podemos perceber como Deus foi se revelando \u00e0 Madre Maria dos Ap\u00f3stolos,manifestando Seu sonho e a Sua vontade, que despertou nela um esp\u00edrito de buscae persist\u00eancia.<\/p>\n<p class=\"MsoNormal\" style=\"text-align: justify;\">A vida da jovem Teresa VonW\u00fcllenweber foi marcada pelo esp\u00edrito de busca, firmeza e ardor mission\u00e1rio,que a transformaram em uma mulher de f\u00e9 e de profunda sensibilidade frente \u00e0realidade social do seu tempo, que a fizeram solid\u00e1ria com as necessidades domundo. A voca\u00e7\u00e3o de Teresa foi fortalecida pela experi\u00eancia de Deus, que foiluz e esperan\u00e7a nos seus anseios e na realiza\u00e7\u00e3o do seu sonho de dedicar-setotalmente a tudo o que \u00e9 apost\u00f3lico.<\/p>\n<p class=\"MsoNormal\" style=\"text-align: justify;\">Madre Maria dos Ap\u00f3stolos foi umamulher que buscou o segredo da vida na contempla\u00e7\u00e3o do mist\u00e9rio de Deuspresente na hist\u00f3ria, percorrendo o caminho com perseveran\u00e7a, lealdade, firmezae coragem na concretiza\u00e7\u00e3o do projeto assumido.<\/p>\n<p class=\"MsoNormal\" style=\"text-align: justify;\"><b>Neste dia especial rezemos a ora\u00e7\u00e3o da Bem-aventurada Maria dos Ap\u00f3stolos:<\/b><\/p>\n<p class=\"MsoNormal\" style=\"text-align: justify;\">Bem-aventurada Maria dosAp\u00f3stolos, tu foste enriquecida por Deus com os dons da natureza e da gra\u00e7a e,seguindo o Cristo Salvador, te dedicaste inteiramente \u00e0 propaga\u00e7\u00e3o do Reino deDeus por todo mundo. Alcan\u00e7a-nos de Deus a gra\u00e7a de seguir teu exemplo naviv\u00eancia do Evangelho e na dedica\u00e7\u00e3o ao servi\u00e7o da igreja, colaborando na obrada salva\u00e7\u00e3o. Am\u00e9m!\u00a0 Bem-aventurada Mariados Ap\u00f3stolos! Rogai por n\u00f3s.<\/p>\n<h2 class=\"MsoNormal\" style=\"text-align: center;\"><a href=\"http:\/\/199.201.90.18\/~salvatorianasorg\/site\/multimidia\/infograficos\/maria-dos-apostolos\/maria-dos-apostolos\/\"><b>Conhe\u00e7a a hist\u00f3ria da Bem-aventurada Maria dos Ap\u00f3stolos<\/b><\/a><\/h2>\n<p><!--more--><\/p>\n<p>&nbsp;<\/p>\n<h3 class=\"MsoNormal\" style=\"text-align: justify;\">\u00a0Ou\u00e7a o lindo poema da\u00a0<b>Bem-aventurada Maria dos Ap\u00f3stolos: Uma aspira\u00e7\u00e3o<\/b><\/h3>\n<p><iframe loading=\"lazy\" width=\"500\" height=\"400\" scrolling=\"no\" frameborder=\"no\" src=\"https:\/\/w.soundcloud.com\/player\/?visual=true&#038;url=https%3A%2F%2Fapi.soundcloud.com%2Ftracks%2F338969907&#038;show_artwork=true&#038;maxwidth=500&#038;maxheight=750&#038;dnt=1\"><\/iframe><\/p>\n<p>&nbsp;<\/p>\n<h3 style=\"text-align: center;\"><a href=\"https:\/\/www.salvatorianas.org.br\/blog\/wp-content\/uploads\/2018\/04\/CELEBRA\u00c7\u00c3O-ABERTURA-CINQUENTEN\u00c1RIO-BEATIFICA\u00c7\u00c3O-MADRE-MARIA-DOS-APOSTOLOS-2.pdf\">CELEBRA\u00c7\u00c3O DE ABERTURA DO CINQUENTEN\u00c1RIO DE BEATIFICA\u00c7\u00c3O DA BEM-AVENTURADA MARIA DOS AP\u00d3STOLOS<\/a><\/h3>\n<h3><\/h3>\n<h3 style=\"text-align: center;\"><a href=\"https:\/\/www.salvatorianas.org.br\/blog\/wp-content\/uploads\/2018\/04\/ROTEIRO-DE-ORA%C3%87%C3%83O-50-ANOS-DE-BEATIFICA%C3%87%C3%83O-DE-MADRE-MARIA.pdf\"><strong>ROTEIRO DE ORA\u00c7\u00c3O DO CINQUENTEN\u00c1RIO DA BEATIFICA\u00c7\u00c3O DA BEM-AVENTURADA MARIA DOS AP\u00d3STOLOS\u00a0<\/strong><\/a><\/h3>\n<p>&nbsp;<\/p>\n","protected":false},"excerpt":{"rendered":"<p>No dia em que celebramos o nascimento de Madre Maria dos Ap\u00f3stolos, 19 de fevereiro, a Fam\u00edlia Salvatoriana inicia o Ano Cinquenten\u00e1rio da Beatifica\u00e7\u00e3o da Bem-aventurada Mariados Ap\u00f3stolos. Ao celebrarmos esse jubileu, fazemos&#8230;<\/p>\n","protected":false},"author":1,"featured_media":147,"comment_status":"open","ping_status":"open","sticky":false,"template":"","format":"standard","meta":[],"categories":[26],"tags":[],"_links":{"self":[{"href":"https:\/\/www.salvatorianas.org.br\/blog\/wp-json\/wp\/v2\/posts\/115"}],"collection":[{"href":"https:\/\/www.salvatorianas.org.br\/blog\/wp-json\/wp\/v2\/posts"}],"about":[{"href":"https:\/\/www.salvatorianas.org.br\/blog\/wp-json\/wp\/v2\/types\/post"}],"author":[{"embeddable":true,"href":"https:\/\/www.salvatorianas.org.br\/blog\/wp-json\/wp\/v2\/users\/1"}],"replies":[{"embeddable":true,"href":"https:\/\/www.salvatorianas.org.br\/blog\/wp-json\/wp\/v2\/comments?post=115"}],"version-history":[{"count":7,"href":"https:\/\/www.salvatorianas.org.br\/blog\/wp-json\/wp\/v2\/posts\/115\/revisions"}],"predecessor-version":[{"id":5703,"href":"https:\/\/www.salvatorianas.org.br\/blog\/wp-json\/wp\/v2\/posts\/115\/revisions\/5703"}],"wp:featuredmedia":[{"embeddable":true,"href":"https:\/\/www.salvatorianas.org.br\/blog\/wp-json\/wp\/v2\/media\/147"}],"wp:attachment":[{"href":"https:\/\/www.salvatorianas.org.br\/blog\/wp-json\/wp\/v2\/media?parent=115"}],"wp:term":[{"taxonomy":"category","embeddable":true,"href":"https:\/\/www.salvatorianas.org.br\/blog\/wp-json\/wp\/v2\/categories?post=115"},{"taxonomy":"post_tag","embeddable":true,"href":"https:\/\/www.salvatorianas.org.br\/blog\/wp-json\/wp\/v2\/tags?post=115"}],"curies":[{"name":"wp","href":"https:\/\/api.w.org\/{rel}","templated":true}]}}