{"id":11242,"date":"2019-07-07T14:35:50","date_gmt":"2019-07-07T14:35:50","guid":{"rendered":"https:\/\/www.salvatorianas.org.br\/blog\/?p=11242"},"modified":"2019-07-08T18:12:46","modified_gmt":"2019-07-08T18:12:46","slug":"70-anos-de-missao-do-patronato-santo-antonio-1949-2019","status":"publish","type":"post","link":"https:\/\/www.salvatorianas.org.br\/blog\/70-anos-de-missao-do-patronato-santo-antonio-1949-2019\/","title":{"rendered":"CELEBRANDO OS 70 ANOS DE  MISS\u00c3O DO PATRONATO SANTO ANT\u00d4NIO 1949 &#8211; 2019"},"content":{"rendered":"\n<p>Aos 28 de junho de 2019, com a presen\u00e7a do Bispo Diocesano Dom Celso Ant\u00f4nio Marchiori, diversos sacerdotes, irm\u00e3s salvatorianas, formandas, seminaristas, benfeitores, ex-alunos, educadores, funcion\u00e1rios e educandos, aconteceu a Celebra\u00e7\u00e3o Eucar\u00edstica em A\u00e7\u00e3o de Gra\u00e7as pela miss\u00e3o realizada no <a rel=\"noreferrer noopener\" aria-label=\"Patronato Santo Ant\u00f4nio (abre em uma nova aba)\" href=\"http:\/\/www.patronatosantoantonio.org.br\/\" target=\"_blank\">Patronato Santo Ant\u00f4nio<\/a>. Foram semanas, meses de prepara\u00e7\u00e3o e envolvimento de todos os seguimentos para que tudo acontecesse com harmonia e tranquilidade. Ap\u00f3s a celebra\u00e7\u00e3o os convidados foram recepcionados com um saboroso caf\u00e9, momento em que puderam apreciar dons art\u00edsticos expressos pelos educandos. Foi um dia marcado por emo\u00e7\u00f5es e muita alegria que podemos constatar pelos depoimentos abaixo:<\/p>\n\n\n\n<p><strong>Patronato Santo Ant\u00f4nio &#8211; 70 anos: MAIS QUE UMA OBRA SOCIAL, UMA HIST\u00d3RIA DE AMOR<\/strong><\/p>\n\n\n\n<p><strong>Depoimento do ex \u2013 interno &#8211; do\nPatronato de 03\/1980 a 06\/1988. Roberto Fernandes.<\/strong><\/p>\n\n\n\n<p>Celebramos com muita alegria os 70 anos dessa Institui\u00e7\u00e3o que mudou a trajet\u00f3ria de vida de milhares de meninos e meninas ao longo de sua exist\u00eancia. Vidas que tinham tudo para dar errado, pois algo de errado aconteceu para que se separassem do seio de sua fam\u00edlia. Por motivos diferentes, viemos morar no Patronato. <\/p>\n\n\n\n<p><strong>O Patronato nos acolheu&#8230;<\/strong>Um conjunto de estrutura formada por dormit\u00f3rios enormes, cozinha e refeit\u00f3rios, salas de estudo e de lazer, campos de futebol e parquinhos&#8230; e um monte de piazada&#8230;\u00a0 <\/p>\n\n\n\n<p>Chegamos\npequenos, uns ainda beb\u00eas, mas a maioria com seus 4, 5, 6 anos&#8230;. Chegamos com\nnossos medos e muitas vezes sem entender o por qu\u00ea? Para alguns, era a primeira\nexperi\u00eancia como \u201c\u00f3rf\u00e3os\u201d e para outros apenas mais um orfanato. <\/p>\n\n\n\n<p><strong>O fato \u00e9 que<\/strong> <strong>o Patronato passou a ser a nossa casa<\/strong>, e l\u00e1 estavam elas, as irm\u00e3s, as que seriam nossas m\u00e3es, de bra\u00e7os abertos a nos acolher e mostrar uma nova possibilidade de vida e aprendizado. Com elas, muitos dos funcion\u00e1rios que para alguns eram muito mais que isso: eram como se fossem pais&#8230;<\/p>\n\n\n\n<p>\u00c9ramos separados de acordo com a idade e assim tinha a Turma dos Pequenos, A Turma 4, os M\u00e9dios e os Grandes. No come\u00e7o, como era assustador ouvir a sirene que marcava os hor\u00e1rios das atividades, desde o levantar, passando pelas refei\u00e7\u00f5es e hor\u00e1rios de banhos e de estudos&#8230; Mas fomos nos adaptando e com os diversos cursos de forma\u00e7\u00e3o profissional, humana e crist\u00e3, fomos desenvolvendo habilidades e construindo sonhos.<\/p>\n\n\n\n<p><strong>Fomos sendo moldados e preparados para enfrentarmos o mundo l\u00e1 fora. <\/strong>De curso em curso, de s\u00e9rie em s\u00e9rie, ano ap\u00f3s anos, fomos encarando nosso destino e nos tornando protagonistas de nossa hist\u00f3ria&#8230;<strong>Tivemos apoio na forma\u00e7\u00e3o religiosa<\/strong> dos padres jesu\u00edtas e maristas, e aqui cabe um agradecimento especial ao querido Padre Pedro Sallet &nbsp;SJ que muito se dedicou na Orienta\u00e7\u00e3o e Espiritual, nos batizando, ministrando a Primeira Eucaristia e outros sacramentos, al\u00e9m de fazer muitas o papel do pai que n\u00e3o tivemos. <strong>No senhor, agradecemos todos os religiosos e religiosas que por aqui passaram&#8230; Somos muito gratos&#8230; <\/strong>Recebemos muito apoio dos empres\u00e1rios do Rotary Club externamos hoje nosso agradecimento a todos os que ajudaram para a exist\u00eancia e manuten\u00e7\u00e3o do Patronato. <\/p>\n\n\n\n<p>Mas, nesse momento queremos nos dirigir \u00e0 voc\u00eas, <strong>Irm\u00e3s Salvatorianas&#8230; <\/strong>Agradecemos ao Pai Criador pela exist\u00eancia de pessoas t\u00e3o abnegadas, que abriram m\u00e3o de ter uma fam\u00edlia tradicional para adotar aqueles que por um motivo ou outro, n\u00e3o puderam ficar com a sua. Voc\u00eas nos adotaram, foram nossas m\u00e3es e muitas vezes, nossos pais. <strong>Zelaram por n\u00f3s, nos mostraram o caminho, caminharam conosco, muitas vezes, choraram conosco.<\/strong> \u00c9 essa viv\u00eancia do Amor \u00c1gape que Nosso Senhor Jesus Cristo pediu quando disse \u201ceu vos dei o exemplo para que fa\u00e7ais o mesmo\u201d. Voc\u00eas nos ofereceram o melhor de voc\u00eas para n\u00f3s. Muitas vezes tiramos voc\u00eas do s\u00e9rio e fizemos por merecer&#8230;. Tamb\u00e9m, como lidar com 400, 500 ou 600 meninos, alguns com marcas profundas de dor e sofrimento? Somente o amor para entender e fazer seguir em frente. Ser\u00edamos injustos em elevar o trabalho de uma em rela\u00e7\u00e3o ao da outra, mas pedimos permiss\u00e3o para exaltar a doa\u00e7\u00e3o de vida das Irm\u00e3 Elenice Nora e Irm\u00e3 Luiza Deon. Voc\u00eas duas, de toda a congrega\u00e7\u00e3o das Irm\u00e3s Salvatorianas s\u00e3o as que a mais tempo pisam este <strong>\u201csolo santo\u201d<\/strong> e foram fator de esperan\u00e7a em uma vida mais justa, mais humana e digna para cada um de n\u00f3s. E nas pessoas de voc\u00eas, queremos dizer um muito obrigado por suas vidas e agradecer pelo que somos hoje. Agradecemos a Deus e as Irm\u00e3s Salvatorianas&#8230; N\u00f3s somos sementes que fomos deixadas em terreno pedregoso&#8230; Mas tivemos a sorte de sermos recolhidas e colocadas em terra f\u00e9rtil&#8230; Hoje nos tornamos \u00e1rvores frondosas que d\u00e3o bons frutos&#8230; <strong><em>O problema nunca esteve na semente, nunca desista de zelar por ela&#8230; <\/em><\/strong><\/p>\n\n\n\n<p><\/p>\n\n\n\n<p><strong>Educadora Social \u2013 Val\u00e9ria Martins dos Santos<\/strong><\/p>\n\n\n\n<p>A comemora\u00e7\u00e3o dos 70 anos do Patronato Santo Ant\u00f4nio foi especial. <strong>Ficar\u00e1 marcado em minha lembran\u00e7a. <\/strong>Era uma data bastante esperada, tanto para as irm\u00e3s, educadores, funcion\u00e1rios e educandos, que por muitos dias vinham se preparando para a missa de A\u00e7\u00e3o de gra\u00e7as. Foi tudo lindo e emocionante.<\/p>\n\n\n\n<p>Estou\na pouco tempo na equipe, mas observo o empenho e satisfa\u00e7\u00e3o das irm\u00e3s e\ndiretora por proporcionar uma vida mais justa a tantas crian\u00e7as e adolescentes\nque talvez n\u00e3o teriam tantas oportunidades, se n\u00e3o tivessem o privil\u00e9gio de\nestar nessa institui\u00e7\u00e3o.<\/p>\n\n\n\n<p><strong>Que este trabalho social cres\u00e7a cada vez mais<\/strong> para que possamos, como equipe fazer o bem e trazer mais esperan\u00e7a para todas as crian\u00e7as e adolescentes que est\u00e3o e as que vir\u00e3o no Patronato Santo Ant\u00f4nio.<\/p>\n\n\n\n<p>Desejo\nainda, que o cora\u00e7\u00e3o de todos que trabalham em prol da vida e da justi\u00e7a das\npessoas, estejam cada vez mais abertas para acolher todos esses que passam por\ntoda e qualquer dificuldade; e com esse ato de amor ao pr\u00f3ximo insiramos\nesperan\u00e7a para um futuro pr\u00f3spero e cheio de luz a todos.<\/p>\n\n\n\n<p style=\"text-align:left\"> <br><strong>Depoimento da Educadora: Michelle Cristina Henrique Moreira Elero<\/strong> <\/p>\n\n\n\n<p>Patronato Santo Ant\u00f4nio completou <strong>70 anos de hist\u00f3ria<\/strong>, comemoramos com muita alegria e satisfa\u00e7\u00e3o. Os educandos os principais protagonistas dessa hist\u00f3ria fizeram parte da celebra\u00e7\u00e3o cantando, apresentando e interagindo com os convidados. Tivemos convidados como autoridades, benfeitores e ex-internos que vieram prestigiar o anivers\u00e1rio.<\/p>\n\n\n\n<p>Um\ndos momentos mais emocionantes da nossa celebra\u00e7\u00e3o foi a homenagem que os\nex-internos fizeram \u00e0s irm\u00e3s Salvatorianas relembrando suas caminhadas no\nPatronato Santo Ant\u00f4nio.<\/p>\n\n\n\n<p>Como\ncolaboradora \u00e9 gratificante fazer parte de todo esse processo onde trabalhamos\nvalores como respeito, amor, uni\u00e3o e gratid\u00e3o. Acreditando que fazemos a\ndiferen\u00e7a na vida de cada educando e sua fam\u00edlia.<\/p>\n\n\n\n<p> <br><strong>Educadora: Elizabeth Kaiser <\/strong><\/p>\n\n\n\n<p>Foram\nsemanas, meses de prepara\u00e7\u00e3o entre ensaios, decora\u00e7\u00e3o, reuni\u00f5es para que tudo\nacontecesse, a dedica\u00e7\u00e3o foi por parte de todos os envolvidos entre educadores,\neducandos e demais funcion\u00e1rios. Nos demos de corpo e alma para que este grande\nevento dos 70 anos ficasse na hist\u00f3ria.<\/p>\n\n\n\n<p><strong>Uma celebra\u00e7\u00e3o recheada de grandes emo\u00e7\u00f5es<\/strong>, onde particularmente me senti aben\u00e7oada e renovada, um contato mais profundo com Deus, tudo estava perfeito e lindo.<\/p>\n\n\n\n<p>O patronato, as irm\u00e3s se doam em tempo integral em prol das crian\u00e7as e adolescentes para que estes menos favorecidos se sintam acolhidos e tenham dignidade, e que com todo o desafio que eles enfrentam, possam superar suas dificuldades e se tornarem conquistadores de um futuro melhor, um futuro promissor.<\/p>\n\n\n\n<p><\/p>\n\n\n\n<h2 class=\"wp-block-heading\">O QUE \u00c9 O PATRONATO SANTO ANTONIO?<\/h2>\n\n\n\n<p>O Patronato Santo Antonio \u00e9 uma Institui\u00e7\u00e3o Filantr\u00f3pica de Assist\u00eancia Social, localizada no Munic\u00edpio de S\u00e3o Jos\u00e9 dos Pinhais, no Estado do Paran\u00e1, que desde 1949 atende em tempo integral, de forma totalmente gratuita, mais de 600 crian\u00e7as, adolescentes e jovens em situa\u00e7\u00e3o de vulnerabilidade social.<\/p>\n\n\n\n<h4 class=\"wp-block-heading\">UMA OBRA DIRIGIDA PELA CONGREGA\u00c7\u00c3O DAS IRM\u00c3S SALVATORIANAS<\/h4>\n\n\n\n<p><\/p>\n\n\n\n<ul class=\"wp-block-gallery columns-3 is-cropped wp-block-gallery-1 is-layout-flex\"><li class=\"blocks-gallery-item\"><figure><img decoding=\"async\" loading=\"lazy\" width=\"1024\" height=\"683\" src=\"https:\/\/www.salvatorianas.org.br\/blog\/wp-content\/uploads\/2019\/07\/70_anos_patronato_foto_paulo_szostak-41-1024x6831-1024x683.jpg\" alt=\"\" data-id=\"11243\" data-link=\"https:\/\/www.salvatorianas.org.br\/blog\/?attachment_id=11243\" class=\"wp-image-11243\" srcset=\"https:\/\/www.salvatorianas.org.br\/blog\/wp-content\/uploads\/2019\/07\/70_anos_patronato_foto_paulo_szostak-41-1024x6831.jpg 1024w, https:\/\/www.salvatorianas.org.br\/blog\/wp-content\/uploads\/2019\/07\/70_anos_patronato_foto_paulo_szostak-41-1024x6831-300x200.jpg 300w, https:\/\/www.salvatorianas.org.br\/blog\/wp-content\/uploads\/2019\/07\/70_anos_patronato_foto_paulo_szostak-41-1024x6831-768x512.jpg 768w\" sizes=\"(max-width: 1024px) 100vw, 1024px\" \/><\/figure><\/li><li class=\"blocks-gallery-item\"><figure><img decoding=\"async\" loading=\"lazy\" width=\"960\" height=\"640\" src=\"https:\/\/www.salvatorianas.org.br\/blog\/wp-content\/uploads\/2019\/07\/66071189_2335915053130326_6719126689894367232_n.jpg\" alt=\"\" data-id=\"11244\" data-link=\"https:\/\/www.salvatorianas.org.br\/blog\/?attachment_id=11244\" class=\"wp-image-11244\" srcset=\"https:\/\/www.salvatorianas.org.br\/blog\/wp-content\/uploads\/2019\/07\/66071189_2335915053130326_6719126689894367232_n.jpg 960w, https:\/\/www.salvatorianas.org.br\/blog\/wp-content\/uploads\/2019\/07\/66071189_2335915053130326_6719126689894367232_n-300x200.jpg 300w, https:\/\/www.salvatorianas.org.br\/blog\/wp-content\/uploads\/2019\/07\/66071189_2335915053130326_6719126689894367232_n-768x512.jpg 768w\" sizes=\"(max-width: 960px) 100vw, 960px\" \/><\/figure><\/li><li class=\"blocks-gallery-item\"><figure><img decoding=\"async\" loading=\"lazy\" width=\"1024\" height=\"683\" src=\"https:\/\/www.salvatorianas.org.br\/blog\/wp-content\/uploads\/2019\/07\/DSC_0020-1024x683.jpg\" alt=\"\" data-id=\"11245\" data-link=\"https:\/\/www.salvatorianas.org.br\/blog\/?attachment_id=11245\" class=\"wp-image-11245\" srcset=\"https:\/\/www.salvatorianas.org.br\/blog\/wp-content\/uploads\/2019\/07\/DSC_0020-1024x683.jpg 1024w, https:\/\/www.salvatorianas.org.br\/blog\/wp-content\/uploads\/2019\/07\/DSC_0020-300x200.jpg 300w, https:\/\/www.salvatorianas.org.br\/blog\/wp-content\/uploads\/2019\/07\/DSC_0020-768x512.jpg 768w\" sizes=\"(max-width: 1024px) 100vw, 1024px\" \/><\/figure><\/li><li class=\"blocks-gallery-item\"><figure><img decoding=\"async\" loading=\"lazy\" width=\"1024\" height=\"683\" src=\"https:\/\/www.salvatorianas.org.br\/blog\/wp-content\/uploads\/2019\/07\/DSC_0022-1024x683.jpg\" alt=\"\" data-id=\"11246\" data-link=\"https:\/\/www.salvatorianas.org.br\/blog\/?attachment_id=11246\" class=\"wp-image-11246\" srcset=\"https:\/\/www.salvatorianas.org.br\/blog\/wp-content\/uploads\/2019\/07\/DSC_0022-1024x683.jpg 1024w, https:\/\/www.salvatorianas.org.br\/blog\/wp-content\/uploads\/2019\/07\/DSC_0022-300x200.jpg 300w, https:\/\/www.salvatorianas.org.br\/blog\/wp-content\/uploads\/2019\/07\/DSC_0022-768x512.jpg 768w\" sizes=\"(max-width: 1024px) 100vw, 1024px\" \/><\/figure><\/li><li class=\"blocks-gallery-item\"><figure><img decoding=\"async\" loading=\"lazy\" width=\"1024\" height=\"683\" src=\"https:\/\/www.salvatorianas.org.br\/blog\/wp-content\/uploads\/2019\/07\/DSC_0031-1024x683.jpg\" alt=\"\" data-id=\"11247\" data-link=\"https:\/\/www.salvatorianas.org.br\/blog\/?attachment_id=11247\" class=\"wp-image-11247\" srcset=\"https:\/\/www.salvatorianas.org.br\/blog\/wp-content\/uploads\/2019\/07\/DSC_0031-1024x683.jpg 1024w, https:\/\/www.salvatorianas.org.br\/blog\/wp-content\/uploads\/2019\/07\/DSC_0031-300x200.jpg 300w, https:\/\/www.salvatorianas.org.br\/blog\/wp-content\/uploads\/2019\/07\/DSC_0031-768x512.jpg 768w\" sizes=\"(max-width: 1024px) 100vw, 1024px\" \/><\/figure><\/li><li class=\"blocks-gallery-item\"><figure><img decoding=\"async\" loading=\"lazy\" width=\"1024\" height=\"683\" src=\"https:\/\/www.salvatorianas.org.br\/blog\/wp-content\/uploads\/2019\/07\/DSC_0034-1024x683.jpg\" alt=\"\" data-id=\"11248\" data-link=\"https:\/\/www.salvatorianas.org.br\/blog\/?attachment_id=11248\" class=\"wp-image-11248\" srcset=\"https:\/\/www.salvatorianas.org.br\/blog\/wp-content\/uploads\/2019\/07\/DSC_0034-1024x683.jpg 1024w, https:\/\/www.salvatorianas.org.br\/blog\/wp-content\/uploads\/2019\/07\/DSC_0034-300x200.jpg 300w, https:\/\/www.salvatorianas.org.br\/blog\/wp-content\/uploads\/2019\/07\/DSC_0034-768x512.jpg 768w\" sizes=\"(max-width: 1024px) 100vw, 1024px\" \/><\/figure><\/li><li class=\"blocks-gallery-item\"><figure><img decoding=\"async\" loading=\"lazy\" width=\"1024\" height=\"683\" src=\"https:\/\/www.salvatorianas.org.br\/blog\/wp-content\/uploads\/2019\/07\/DSC_0035-1024x683.jpg\" alt=\"\" data-id=\"11249\" data-link=\"https:\/\/www.salvatorianas.org.br\/blog\/?attachment_id=11249\" class=\"wp-image-11249\" srcset=\"https:\/\/www.salvatorianas.org.br\/blog\/wp-content\/uploads\/2019\/07\/DSC_0035-1024x683.jpg 1024w, https:\/\/www.salvatorianas.org.br\/blog\/wp-content\/uploads\/2019\/07\/DSC_0035-300x200.jpg 300w, https:\/\/www.salvatorianas.org.br\/blog\/wp-content\/uploads\/2019\/07\/DSC_0035-768x512.jpg 768w\" sizes=\"(max-width: 1024px) 100vw, 1024px\" \/><\/figure><\/li><li class=\"blocks-gallery-item\"><figure><img decoding=\"async\" loading=\"lazy\" width=\"1024\" height=\"683\" src=\"https:\/\/www.salvatorianas.org.br\/blog\/wp-content\/uploads\/2019\/07\/DSC_0040-1024x683.jpg\" alt=\"\" data-id=\"11250\" data-link=\"https:\/\/www.salvatorianas.org.br\/blog\/?attachment_id=11250\" class=\"wp-image-11250\" srcset=\"https:\/\/www.salvatorianas.org.br\/blog\/wp-content\/uploads\/2019\/07\/DSC_0040-1024x683.jpg 1024w, https:\/\/www.salvatorianas.org.br\/blog\/wp-content\/uploads\/2019\/07\/DSC_0040-300x200.jpg 300w, https:\/\/www.salvatorianas.org.br\/blog\/wp-content\/uploads\/2019\/07\/DSC_0040-768x512.jpg 768w\" sizes=\"(max-width: 1024px) 100vw, 1024px\" \/><\/figure><\/li><li class=\"blocks-gallery-item\"><figure><img decoding=\"async\" loading=\"lazy\" width=\"1024\" height=\"683\" src=\"https:\/\/www.salvatorianas.org.br\/blog\/wp-content\/uploads\/2019\/07\/DSC_0044-1024x683.jpg\" alt=\"\" data-id=\"11251\" data-link=\"https:\/\/www.salvatorianas.org.br\/blog\/?attachment_id=11251\" class=\"wp-image-11251\" srcset=\"https:\/\/www.salvatorianas.org.br\/blog\/wp-content\/uploads\/2019\/07\/DSC_0044-1024x683.jpg 1024w, https:\/\/www.salvatorianas.org.br\/blog\/wp-content\/uploads\/2019\/07\/DSC_0044-300x200.jpg 300w, https:\/\/www.salvatorianas.org.br\/blog\/wp-content\/uploads\/2019\/07\/DSC_0044-768x512.jpg 768w\" sizes=\"(max-width: 1024px) 100vw, 1024px\" \/><\/figure><\/li><li class=\"blocks-gallery-item\"><figure><img decoding=\"async\" loading=\"lazy\" width=\"1024\" height=\"683\" src=\"https:\/\/www.salvatorianas.org.br\/blog\/wp-content\/uploads\/2019\/07\/DSC_0067-1024x683.jpg\" alt=\"\" data-id=\"11252\" data-link=\"https:\/\/www.salvatorianas.org.br\/blog\/?attachment_id=11252\" class=\"wp-image-11252\" srcset=\"https:\/\/www.salvatorianas.org.br\/blog\/wp-content\/uploads\/2019\/07\/DSC_0067-1024x683.jpg 1024w, https:\/\/www.salvatorianas.org.br\/blog\/wp-content\/uploads\/2019\/07\/DSC_0067-300x200.jpg 300w, https:\/\/www.salvatorianas.org.br\/blog\/wp-content\/uploads\/2019\/07\/DSC_0067-768x512.jpg 768w\" sizes=\"(max-width: 1024px) 100vw, 1024px\" \/><\/figure><\/li><li class=\"blocks-gallery-item\"><figure><img decoding=\"async\" loading=\"lazy\" width=\"1024\" height=\"683\" src=\"https:\/\/www.salvatorianas.org.br\/blog\/wp-content\/uploads\/2019\/07\/DSC_0075-1024x683.jpg\" alt=\"\" data-id=\"11253\" data-link=\"https:\/\/www.salvatorianas.org.br\/blog\/?attachment_id=11253\" class=\"wp-image-11253\" srcset=\"https:\/\/www.salvatorianas.org.br\/blog\/wp-content\/uploads\/2019\/07\/DSC_0075-1024x683.jpg 1024w, https:\/\/www.salvatorianas.org.br\/blog\/wp-content\/uploads\/2019\/07\/DSC_0075-300x200.jpg 300w, https:\/\/www.salvatorianas.org.br\/blog\/wp-content\/uploads\/2019\/07\/DSC_0075-768x512.jpg 768w\" sizes=\"(max-width: 1024px) 100vw, 1024px\" \/><\/figure><\/li><li class=\"blocks-gallery-item\"><figure><img decoding=\"async\" loading=\"lazy\" width=\"1024\" height=\"683\" src=\"https:\/\/www.salvatorianas.org.br\/blog\/wp-content\/uploads\/2019\/07\/DSC_0083-1024x683.jpg\" alt=\"\" data-id=\"11254\" data-link=\"https:\/\/www.salvatorianas.org.br\/blog\/?attachment_id=11254\" class=\"wp-image-11254\" srcset=\"https:\/\/www.salvatorianas.org.br\/blog\/wp-content\/uploads\/2019\/07\/DSC_0083-1024x683.jpg 1024w, https:\/\/www.salvatorianas.org.br\/blog\/wp-content\/uploads\/2019\/07\/DSC_0083-300x200.jpg 300w, https:\/\/www.salvatorianas.org.br\/blog\/wp-content\/uploads\/2019\/07\/DSC_0083-768x512.jpg 768w\" sizes=\"(max-width: 1024px) 100vw, 1024px\" \/><\/figure><\/li><li class=\"blocks-gallery-item\"><figure><img decoding=\"async\" loading=\"lazy\" width=\"1024\" height=\"683\" src=\"https:\/\/www.salvatorianas.org.br\/blog\/wp-content\/uploads\/2019\/07\/DSC_0101-1024x683.jpg\" alt=\"\" data-id=\"11255\" data-link=\"https:\/\/www.salvatorianas.org.br\/blog\/?attachment_id=11255\" class=\"wp-image-11255\" srcset=\"https:\/\/www.salvatorianas.org.br\/blog\/wp-content\/uploads\/2019\/07\/DSC_0101-1024x683.jpg 1024w, https:\/\/www.salvatorianas.org.br\/blog\/wp-content\/uploads\/2019\/07\/DSC_0101-300x200.jpg 300w, https:\/\/www.salvatorianas.org.br\/blog\/wp-content\/uploads\/2019\/07\/DSC_0101-768x512.jpg 768w\" sizes=\"(max-width: 1024px) 100vw, 1024px\" \/><\/figure><\/li><li class=\"blocks-gallery-item\"><figure><img decoding=\"async\" loading=\"lazy\" width=\"1024\" height=\"683\" src=\"https:\/\/www.salvatorianas.org.br\/blog\/wp-content\/uploads\/2019\/07\/DSC_0107-1024x683.jpg\" alt=\"\" data-id=\"11256\" data-link=\"https:\/\/www.salvatorianas.org.br\/blog\/?attachment_id=11256\" class=\"wp-image-11256\" srcset=\"https:\/\/www.salvatorianas.org.br\/blog\/wp-content\/uploads\/2019\/07\/DSC_0107-1024x683.jpg 1024w, https:\/\/www.salvatorianas.org.br\/blog\/wp-content\/uploads\/2019\/07\/DSC_0107-300x200.jpg 300w, https:\/\/www.salvatorianas.org.br\/blog\/wp-content\/uploads\/2019\/07\/DSC_0107-768x512.jpg 768w\" sizes=\"(max-width: 1024px) 100vw, 1024px\" \/><\/figure><\/li><li class=\"blocks-gallery-item\"><figure><img decoding=\"async\" loading=\"lazy\" width=\"1024\" height=\"683\" src=\"https:\/\/www.salvatorianas.org.br\/blog\/wp-content\/uploads\/2019\/07\/DSC_0120-1024x683.jpg\" alt=\"\" data-id=\"11257\" data-link=\"https:\/\/www.salvatorianas.org.br\/blog\/?attachment_id=11257\" class=\"wp-image-11257\" srcset=\"https:\/\/www.salvatorianas.org.br\/blog\/wp-content\/uploads\/2019\/07\/DSC_0120-1024x683.jpg 1024w, https:\/\/www.salvatorianas.org.br\/blog\/wp-content\/uploads\/2019\/07\/DSC_0120-300x200.jpg 300w, https:\/\/www.salvatorianas.org.br\/blog\/wp-content\/uploads\/2019\/07\/DSC_0120-768x512.jpg 768w\" sizes=\"(max-width: 1024px) 100vw, 1024px\" \/><\/figure><\/li><li class=\"blocks-gallery-item\"><figure><img decoding=\"async\" loading=\"lazy\" width=\"1024\" height=\"683\" src=\"https:\/\/www.salvatorianas.org.br\/blog\/wp-content\/uploads\/2019\/07\/DSC_0121-1024x683.jpg\" alt=\"\" data-id=\"11258\" data-link=\"https:\/\/www.salvatorianas.org.br\/blog\/?attachment_id=11258\" class=\"wp-image-11258\" srcset=\"https:\/\/www.salvatorianas.org.br\/blog\/wp-content\/uploads\/2019\/07\/DSC_0121-1024x683.jpg 1024w, https:\/\/www.salvatorianas.org.br\/blog\/wp-content\/uploads\/2019\/07\/DSC_0121-300x200.jpg 300w, https:\/\/www.salvatorianas.org.br\/blog\/wp-content\/uploads\/2019\/07\/DSC_0121-768x512.jpg 768w\" sizes=\"(max-width: 1024px) 100vw, 1024px\" \/><\/figure><\/li><li class=\"blocks-gallery-item\"><figure><img decoding=\"async\" loading=\"lazy\" width=\"1024\" height=\"768\" src=\"https:\/\/www.salvatorianas.org.br\/blog\/wp-content\/uploads\/2019\/07\/IMG-20190704-WA0017-1024x768.jpg\" alt=\"\" data-id=\"11259\" data-link=\"https:\/\/www.salvatorianas.org.br\/blog\/?attachment_id=11259\" class=\"wp-image-11259\" srcset=\"https:\/\/www.salvatorianas.org.br\/blog\/wp-content\/uploads\/2019\/07\/IMG-20190704-WA0017-1024x768.jpg 1024w, https:\/\/www.salvatorianas.org.br\/blog\/wp-content\/uploads\/2019\/07\/IMG-20190704-WA0017-300x225.jpg 300w, https:\/\/www.salvatorianas.org.br\/blog\/wp-content\/uploads\/2019\/07\/IMG-20190704-WA0017-768x576.jpg 768w, https:\/\/www.salvatorianas.org.br\/blog\/wp-content\/uploads\/2019\/07\/IMG-20190704-WA0017.jpg 1280w\" sizes=\"(max-width: 1024px) 100vw, 1024px\" \/><\/figure><\/li><li class=\"blocks-gallery-item\"><figure><img decoding=\"async\" loading=\"lazy\" width=\"1024\" height=\"768\" src=\"https:\/\/www.salvatorianas.org.br\/blog\/wp-content\/uploads\/2019\/07\/IMG-20190704-WA0051-1024x768.jpg\" alt=\"\" data-id=\"11260\" data-link=\"https:\/\/www.salvatorianas.org.br\/blog\/?attachment_id=11260\" class=\"wp-image-11260\" srcset=\"https:\/\/www.salvatorianas.org.br\/blog\/wp-content\/uploads\/2019\/07\/IMG-20190704-WA0051-1024x768.jpg 1024w, https:\/\/www.salvatorianas.org.br\/blog\/wp-content\/uploads\/2019\/07\/IMG-20190704-WA0051-300x225.jpg 300w, https:\/\/www.salvatorianas.org.br\/blog\/wp-content\/uploads\/2019\/07\/IMG-20190704-WA0051-768x576.jpg 768w, https:\/\/www.salvatorianas.org.br\/blog\/wp-content\/uploads\/2019\/07\/IMG-20190704-WA0051.jpg 1280w\" sizes=\"(max-width: 1024px) 100vw, 1024px\" \/><\/figure><\/li><li class=\"blocks-gallery-item\"><figure><img decoding=\"async\" loading=\"lazy\" width=\"1024\" height=\"768\" src=\"https:\/\/www.salvatorianas.org.br\/blog\/wp-content\/uploads\/2019\/07\/IMG-20190704-WA0052-1024x768.jpg\" alt=\"\" data-id=\"11261\" data-link=\"https:\/\/www.salvatorianas.org.br\/blog\/?attachment_id=11261\" class=\"wp-image-11261\" srcset=\"https:\/\/www.salvatorianas.org.br\/blog\/wp-content\/uploads\/2019\/07\/IMG-20190704-WA0052-1024x768.jpg 1024w, https:\/\/www.salvatorianas.org.br\/blog\/wp-content\/uploads\/2019\/07\/IMG-20190704-WA0052-300x225.jpg 300w, https:\/\/www.salvatorianas.org.br\/blog\/wp-content\/uploads\/2019\/07\/IMG-20190704-WA0052-768x576.jpg 768w, https:\/\/www.salvatorianas.org.br\/blog\/wp-content\/uploads\/2019\/07\/IMG-20190704-WA0052.jpg 1280w\" sizes=\"(max-width: 1024px) 100vw, 1024px\" \/><\/figure><\/li><li class=\"blocks-gallery-item\"><figure><img decoding=\"async\" loading=\"lazy\" width=\"1024\" height=\"768\" src=\"https:\/\/www.salvatorianas.org.br\/blog\/wp-content\/uploads\/2019\/07\/IMG-20190704-WA0071-1024x768.jpg\" alt=\"\" data-id=\"11262\" data-link=\"https:\/\/www.salvatorianas.org.br\/blog\/?attachment_id=11262\" class=\"wp-image-11262\" srcset=\"https:\/\/www.salvatorianas.org.br\/blog\/wp-content\/uploads\/2019\/07\/IMG-20190704-WA0071-1024x768.jpg 1024w, https:\/\/www.salvatorianas.org.br\/blog\/wp-content\/uploads\/2019\/07\/IMG-20190704-WA0071-300x225.jpg 300w, https:\/\/www.salvatorianas.org.br\/blog\/wp-content\/uploads\/2019\/07\/IMG-20190704-WA0071-768x576.jpg 768w, https:\/\/www.salvatorianas.org.br\/blog\/wp-content\/uploads\/2019\/07\/IMG-20190704-WA0071.jpg 1280w\" sizes=\"(max-width: 1024px) 100vw, 1024px\" \/><\/figure><\/li><li class=\"blocks-gallery-item\"><figure><img decoding=\"async\" loading=\"lazy\" width=\"1024\" height=\"768\" src=\"https:\/\/www.salvatorianas.org.br\/blog\/wp-content\/uploads\/2019\/07\/IMG-20190704-WA0178-1024x768.jpg\" alt=\"\" data-id=\"11263\" data-link=\"https:\/\/www.salvatorianas.org.br\/blog\/?attachment_id=11263\" class=\"wp-image-11263\" srcset=\"https:\/\/www.salvatorianas.org.br\/blog\/wp-content\/uploads\/2019\/07\/IMG-20190704-WA0178-1024x768.jpg 1024w, https:\/\/www.salvatorianas.org.br\/blog\/wp-content\/uploads\/2019\/07\/IMG-20190704-WA0178-300x225.jpg 300w, https:\/\/www.salvatorianas.org.br\/blog\/wp-content\/uploads\/2019\/07\/IMG-20190704-WA0178-768x576.jpg 768w, https:\/\/www.salvatorianas.org.br\/blog\/wp-content\/uploads\/2019\/07\/IMG-20190704-WA0178.jpg 1280w\" sizes=\"(max-width: 1024px) 100vw, 1024px\" \/><\/figure><\/li><li class=\"blocks-gallery-item\"><figure><img decoding=\"async\" loading=\"lazy\" width=\"1024\" height=\"768\" src=\"https:\/\/www.salvatorianas.org.br\/blog\/wp-content\/uploads\/2019\/07\/IMG-20190704-WA0205-1024x768.jpg\" alt=\"\" data-id=\"11264\" data-link=\"https:\/\/www.salvatorianas.org.br\/blog\/?attachment_id=11264\" class=\"wp-image-11264\" srcset=\"https:\/\/www.salvatorianas.org.br\/blog\/wp-content\/uploads\/2019\/07\/IMG-20190704-WA0205-1024x768.jpg 1024w, https:\/\/www.salvatorianas.org.br\/blog\/wp-content\/uploads\/2019\/07\/IMG-20190704-WA0205-300x225.jpg 300w, https:\/\/www.salvatorianas.org.br\/blog\/wp-content\/uploads\/2019\/07\/IMG-20190704-WA0205-768x576.jpg 768w, https:\/\/www.salvatorianas.org.br\/blog\/wp-content\/uploads\/2019\/07\/IMG-20190704-WA0205.jpg 1280w\" sizes=\"(max-width: 1024px) 100vw, 1024px\" \/><\/figure><\/li><li class=\"blocks-gallery-item\"><figure><img decoding=\"async\" loading=\"lazy\" width=\"1024\" height=\"768\" src=\"https:\/\/www.salvatorianas.org.br\/blog\/wp-content\/uploads\/2019\/07\/IMG-20190704-WA0265-1024x768.jpg\" alt=\"\" data-id=\"11265\" data-link=\"https:\/\/www.salvatorianas.org.br\/blog\/?attachment_id=11265\" class=\"wp-image-11265\" srcset=\"https:\/\/www.salvatorianas.org.br\/blog\/wp-content\/uploads\/2019\/07\/IMG-20190704-WA0265-1024x768.jpg 1024w, https:\/\/www.salvatorianas.org.br\/blog\/wp-content\/uploads\/2019\/07\/IMG-20190704-WA0265-300x225.jpg 300w, https:\/\/www.salvatorianas.org.br\/blog\/wp-content\/uploads\/2019\/07\/IMG-20190704-WA0265-768x576.jpg 768w, https:\/\/www.salvatorianas.org.br\/blog\/wp-content\/uploads\/2019\/07\/IMG-20190704-WA0265.jpg 1280w\" sizes=\"(max-width: 1024px) 100vw, 1024px\" \/><\/figure><\/li><li class=\"blocks-gallery-item\"><figure><img decoding=\"async\" loading=\"lazy\" width=\"1024\" height=\"768\" src=\"https:\/\/www.salvatorianas.org.br\/blog\/wp-content\/uploads\/2019\/07\/IMG-20190704-WA0435-1024x768.jpg\" alt=\"\" data-id=\"11266\" data-link=\"https:\/\/www.salvatorianas.org.br\/blog\/?attachment_id=11266\" class=\"wp-image-11266\" srcset=\"https:\/\/www.salvatorianas.org.br\/blog\/wp-content\/uploads\/2019\/07\/IMG-20190704-WA0435-1024x768.jpg 1024w, https:\/\/www.salvatorianas.org.br\/blog\/wp-content\/uploads\/2019\/07\/IMG-20190704-WA0435-300x225.jpg 300w, https:\/\/www.salvatorianas.org.br\/blog\/wp-content\/uploads\/2019\/07\/IMG-20190704-WA0435-768x576.jpg 768w, https:\/\/www.salvatorianas.org.br\/blog\/wp-content\/uploads\/2019\/07\/IMG-20190704-WA0435.jpg 1280w\" sizes=\"(max-width: 1024px) 100vw, 1024px\" \/><\/figure><\/li><li class=\"blocks-gallery-item\"><figure><img decoding=\"async\" loading=\"lazy\" width=\"1024\" height=\"768\" src=\"https:\/\/www.salvatorianas.org.br\/blog\/wp-content\/uploads\/2019\/07\/IMG-20190704-WA0489-1024x768.jpg\" alt=\"\" data-id=\"11267\" data-link=\"https:\/\/www.salvatorianas.org.br\/blog\/?attachment_id=11267\" class=\"wp-image-11267\" srcset=\"https:\/\/www.salvatorianas.org.br\/blog\/wp-content\/uploads\/2019\/07\/IMG-20190704-WA0489-1024x768.jpg 1024w, https:\/\/www.salvatorianas.org.br\/blog\/wp-content\/uploads\/2019\/07\/IMG-20190704-WA0489-300x225.jpg 300w, https:\/\/www.salvatorianas.org.br\/blog\/wp-content\/uploads\/2019\/07\/IMG-20190704-WA0489-768x576.jpg 768w, https:\/\/www.salvatorianas.org.br\/blog\/wp-content\/uploads\/2019\/07\/IMG-20190704-WA0489.jpg 1280w\" sizes=\"(max-width: 1024px) 100vw, 1024px\" \/><\/figure><\/li><li class=\"blocks-gallery-item\"><figure><img decoding=\"async\" loading=\"lazy\" width=\"1024\" height=\"768\" src=\"https:\/\/www.salvatorianas.org.br\/blog\/wp-content\/uploads\/2019\/07\/IMG-20190704-WA0515-1024x768.jpg\" alt=\"\" data-id=\"11268\" data-link=\"https:\/\/www.salvatorianas.org.br\/blog\/?attachment_id=11268\" class=\"wp-image-11268\" srcset=\"https:\/\/www.salvatorianas.org.br\/blog\/wp-content\/uploads\/2019\/07\/IMG-20190704-WA0515-1024x768.jpg 1024w, https:\/\/www.salvatorianas.org.br\/blog\/wp-content\/uploads\/2019\/07\/IMG-20190704-WA0515-300x225.jpg 300w, https:\/\/www.salvatorianas.org.br\/blog\/wp-content\/uploads\/2019\/07\/IMG-20190704-WA0515-768x576.jpg 768w, https:\/\/www.salvatorianas.org.br\/blog\/wp-content\/uploads\/2019\/07\/IMG-20190704-WA0515.jpg 1280w\" sizes=\"(max-width: 1024px) 100vw, 1024px\" \/><\/figure><\/li><li class=\"blocks-gallery-item\"><figure><img decoding=\"async\" loading=\"lazy\" width=\"1024\" height=\"768\" src=\"https:\/\/www.salvatorianas.org.br\/blog\/wp-content\/uploads\/2019\/07\/IMG-20190704-WA0520-1024x768.jpg\" alt=\"\" data-id=\"11269\" data-link=\"https:\/\/www.salvatorianas.org.br\/blog\/?attachment_id=11269\" class=\"wp-image-11269\" srcset=\"https:\/\/www.salvatorianas.org.br\/blog\/wp-content\/uploads\/2019\/07\/IMG-20190704-WA0520-1024x768.jpg 1024w, https:\/\/www.salvatorianas.org.br\/blog\/wp-content\/uploads\/2019\/07\/IMG-20190704-WA0520-300x225.jpg 300w, https:\/\/www.salvatorianas.org.br\/blog\/wp-content\/uploads\/2019\/07\/IMG-20190704-WA0520-768x576.jpg 768w, https:\/\/www.salvatorianas.org.br\/blog\/wp-content\/uploads\/2019\/07\/IMG-20190704-WA0520.jpg 1280w\" sizes=\"(max-width: 1024px) 100vw, 1024px\" \/><\/figure><\/li><li class=\"blocks-gallery-item\"><figure><img decoding=\"async\" loading=\"lazy\" width=\"1024\" height=\"768\" src=\"https:\/\/www.salvatorianas.org.br\/blog\/wp-content\/uploads\/2019\/07\/IMG-20190704-WA0523-1024x768.jpg\" alt=\"\" data-id=\"11270\" data-link=\"https:\/\/www.salvatorianas.org.br\/blog\/?attachment_id=11270\" class=\"wp-image-11270\" srcset=\"https:\/\/www.salvatorianas.org.br\/blog\/wp-content\/uploads\/2019\/07\/IMG-20190704-WA0523-1024x768.jpg 1024w, https:\/\/www.salvatorianas.org.br\/blog\/wp-content\/uploads\/2019\/07\/IMG-20190704-WA0523-300x225.jpg 300w, https:\/\/www.salvatorianas.org.br\/blog\/wp-content\/uploads\/2019\/07\/IMG-20190704-WA0523-768x576.jpg 768w, https:\/\/www.salvatorianas.org.br\/blog\/wp-content\/uploads\/2019\/07\/IMG-20190704-WA0523.jpg 1280w\" sizes=\"(max-width: 1024px) 100vw, 1024px\" \/><\/figure><\/li><li class=\"blocks-gallery-item\"><figure><img decoding=\"async\" loading=\"lazy\" width=\"1024\" height=\"768\" src=\"https:\/\/www.salvatorianas.org.br\/blog\/wp-content\/uploads\/2019\/07\/IMG-20190704-WA0561-1024x768.jpg\" alt=\"\" data-id=\"11271\" data-link=\"https:\/\/www.salvatorianas.org.br\/blog\/?attachment_id=11271\" class=\"wp-image-11271\" srcset=\"https:\/\/www.salvatorianas.org.br\/blog\/wp-content\/uploads\/2019\/07\/IMG-20190704-WA0561-1024x768.jpg 1024w, https:\/\/www.salvatorianas.org.br\/blog\/wp-content\/uploads\/2019\/07\/IMG-20190704-WA0561-300x225.jpg 300w, https:\/\/www.salvatorianas.org.br\/blog\/wp-content\/uploads\/2019\/07\/IMG-20190704-WA0561-768x576.jpg 768w, https:\/\/www.salvatorianas.org.br\/blog\/wp-content\/uploads\/2019\/07\/IMG-20190704-WA0561.jpg 1280w\" sizes=\"(max-width: 1024px) 100vw, 1024px\" \/><\/figure><\/li><\/ul>\n","protected":false},"excerpt":{"rendered":"<p>Aos 28 de junho de 2019, com a presen\u00e7a do Bispo Diocesano Dom Celso Ant\u00f4nio Marchiori, diversos sacerdotes, irm\u00e3s salvatorianas, formandas, seminaristas, benfeitores, ex-alunos, educadores, funcion\u00e1rios e educandos, aconteceu a Celebra\u00e7\u00e3o Eucar\u00edstica em&#8230;<\/p>\n","protected":false},"author":2,"featured_media":11272,"comment_status":"open","ping_status":"open","sticky":false,"template":"","format":"standard","meta":[],"categories":[1],"tags":[],"_links":{"self":[{"href":"https:\/\/www.salvatorianas.org.br\/blog\/wp-json\/wp\/v2\/posts\/11242"}],"collection":[{"href":"https:\/\/www.salvatorianas.org.br\/blog\/wp-json\/wp\/v2\/posts"}],"about":[{"href":"https:\/\/www.salvatorianas.org.br\/blog\/wp-json\/wp\/v2\/types\/post"}],"author":[{"embeddable":true,"href":"https:\/\/www.salvatorianas.org.br\/blog\/wp-json\/wp\/v2\/users\/2"}],"replies":[{"embeddable":true,"href":"https:\/\/www.salvatorianas.org.br\/blog\/wp-json\/wp\/v2\/comments?post=11242"}],"version-history":[{"count":5,"href":"https:\/\/www.salvatorianas.org.br\/blog\/wp-json\/wp\/v2\/posts\/11242\/revisions"}],"predecessor-version":[{"id":11298,"href":"https:\/\/www.salvatorianas.org.br\/blog\/wp-json\/wp\/v2\/posts\/11242\/revisions\/11298"}],"wp:featuredmedia":[{"embeddable":true,"href":"https:\/\/www.salvatorianas.org.br\/blog\/wp-json\/wp\/v2\/media\/11272"}],"wp:attachment":[{"href":"https:\/\/www.salvatorianas.org.br\/blog\/wp-json\/wp\/v2\/media?parent=11242"}],"wp:term":[{"taxonomy":"category","embeddable":true,"href":"https:\/\/www.salvatorianas.org.br\/blog\/wp-json\/wp\/v2\/categories?post=11242"},{"taxonomy":"post_tag","embeddable":true,"href":"https:\/\/www.salvatorianas.org.br\/blog\/wp-json\/wp\/v2\/tags?post=11242"}],"curies":[{"name":"wp","href":"https:\/\/api.w.org\/{rel}","templated":true}]}}