{"id":1107,"date":"2016-03-29T00:00:00","date_gmt":"2016-03-29T00:00:00","guid":{"rendered":"https:\/\/www.salvatorianas.org.br\/blog\/como-viver-em-comunidade-a-licao-dos-povos-indigenas\/"},"modified":"2016-03-29T00:00:00","modified_gmt":"2016-03-29T00:00:00","slug":"como-viver-em-comunidade-a-licao-dos-povos-indigenas","status":"publish","type":"post","link":"https:\/\/www.salvatorianas.org.br\/blog\/como-viver-em-comunidade-a-licao-dos-povos-indigenas\/","title":{"rendered":"Como viver em comunidade? A li\u00e7\u00e3o dos povos ind\u00edgenas"},"content":{"rendered":"<p style=\"box-sizing: border-box; margin-bottom: 10px; color: rgb(51, 51, 51); font-family: 'Open Sans', sans-serif; font-size: 14px; line-height: 20px; text-align: justify; background-color: rgb(255, 255, 255);\">[imagem1]<\/p>\n<p style=\"box-sizing: border-box; margin-bottom: 10px; color: rgb(51, 51, 51); font-family: 'Open Sans', sans-serif; font-size: 14px; line-height: 20px; text-align: justify; background-color: rgb(255, 255, 255);\">&#8220;Uma das maiores li&ccedil;&otilde;es que os povos ind&iacute;genas t&ecirc;m a nos ensinar &eacute; viver em comunidade, habitar a casa comum com os parentes, com todos os nossos irm&atilde;os e irm&atilde;s, numa fam&iacute;lia grande&#8221;: palavra de Dom Roque Paloschi, Presidente do Conselho Indigenista Mission&aacute;rio, atual arcebispo de Porto Velho (RO).<\/p>\n<p style=\"box-sizing: border-box; margin-bottom: 10px; color: rgb(51, 51, 51); font-family: 'Open Sans', sans-serif; font-size: 14px; line-height: 20px; text-align: justify; background-color: rgb(255, 255, 255);\">Participando recentemente da Romaria da Terra, em S&atilde;o Gabriel, no Rio Grande do Sul, Dom Roque fez uma medita&ccedil;&atilde;o em que se questiona como podemos nos redimir do pecado hist&oacute;rico de ter dizimado a popula&ccedil;&atilde;o ind&iacute;gena. Como a Igreja pode reconhecer este pecado e pedir perd&atilde;o?<\/p>\n<p style=\"box-sizing: border-box; margin-bottom: 10px; color: rgb(51, 51, 51); font-family: 'Open Sans', sans-serif; font-size: 14px; line-height: 20px; text-align: justify; background-color: rgb(255, 255, 255);\">A quest&atilde;o da terra<\/p>\n<p style=\"box-sizing: border-box; margin-bottom: 10px; color: rgb(51, 51, 51); font-family: 'Open Sans', sans-serif; font-size: 14px; line-height: 20px; text-align: justify; background-color: rgb(255, 255, 255);\">A Constitui&ccedil;&atilde;o de 1988 consagrou o princ&iacute;pio de que os &iacute;ndios s&atilde;o os primeiros e naturais senhores da terra. Esta &eacute; a fonte prim&aacute;ria de seu direito, que &eacute; anterior a qualquer outro. Consequentemente, o direito dos &iacute;ndios a uma terra determinada independe de reconhecimento formal. Mas a realidade n&atilde;o &eacute; bem assim. Dom Roque explica:<\/p>\n<p style=\"box-sizing: border-box; margin-bottom: 10px; color: rgb(51, 51, 51); font-family: 'Open Sans', sans-serif; font-size: 14px; line-height: 20px; text-align: justify; background-color: rgb(255, 255, 255);\"><a href=\"https:\/\/www.salvatorianas.org.br\/blog\/painel\/\/arquivos\/salvato1_blog\/487_Ouca-a-reportagem.mp3\">Ou&ccedil;a a reportagem.<\/a><\/p>\n<p style=\"box-sizing: border-box; margin-bottom: 10px; color: rgb(51, 51, 51); font-family: 'Open Sans', sans-serif; font-size: 14px; line-height: 20px; text-align: justify; background-color: rgb(255, 255, 255);\"><\/p>\n<p style=\"box-sizing: border-box; margin-bottom: 10px; color: rgb(51, 51, 51); font-family: 'Open Sans', sans-serif; font-size: 14px; line-height: 20px; text-align: justify; background-color: rgb(255, 255, 255);\">Fonte: R&aacute;dio Vaticano<\/p>\n<p style=\"box-sizing: border-box; margin-bottom: 10px; color: rgb(51, 51, 51); font-family: 'Open Sans', sans-serif; font-size: 14px; line-height: 20px; text-align: justify; background-color: rgb(255, 255, 255);\"><\/p>\n","protected":false},"excerpt":{"rendered":"<p>[imagem1] &#8220;Uma das maiores li&ccedil;&otilde;es que os povos ind&iacute;genas t&ecirc;m a nos ensinar &eacute; viver em comunidade, habitar a casa comum com os parentes, com todos os nossos irm&atilde;os e irm&atilde;s, numa fam&iacute;lia&#8230;<\/p>\n","protected":false},"author":1,"featured_media":2146,"comment_status":"open","ping_status":"open","sticky":false,"template":"","format":"standard","meta":[],"categories":[1],"tags":[],"_links":{"self":[{"href":"https:\/\/www.salvatorianas.org.br\/blog\/wp-json\/wp\/v2\/posts\/1107"}],"collection":[{"href":"https:\/\/www.salvatorianas.org.br\/blog\/wp-json\/wp\/v2\/posts"}],"about":[{"href":"https:\/\/www.salvatorianas.org.br\/blog\/wp-json\/wp\/v2\/types\/post"}],"author":[{"embeddable":true,"href":"https:\/\/www.salvatorianas.org.br\/blog\/wp-json\/wp\/v2\/users\/1"}],"replies":[{"embeddable":true,"href":"https:\/\/www.salvatorianas.org.br\/blog\/wp-json\/wp\/v2\/comments?post=1107"}],"version-history":[{"count":0,"href":"https:\/\/www.salvatorianas.org.br\/blog\/wp-json\/wp\/v2\/posts\/1107\/revisions"}],"wp:featuredmedia":[{"embeddable":true,"href":"https:\/\/www.salvatorianas.org.br\/blog\/wp-json\/wp\/v2\/media\/2146"}],"wp:attachment":[{"href":"https:\/\/www.salvatorianas.org.br\/blog\/wp-json\/wp\/v2\/media?parent=1107"}],"wp:term":[{"taxonomy":"category","embeddable":true,"href":"https:\/\/www.salvatorianas.org.br\/blog\/wp-json\/wp\/v2\/categories?post=1107"},{"taxonomy":"post_tag","embeddable":true,"href":"https:\/\/www.salvatorianas.org.br\/blog\/wp-json\/wp\/v2\/tags?post=1107"}],"curies":[{"name":"wp","href":"https:\/\/api.w.org\/{rel}","templated":true}]}}