{"id":1098,"date":"2016-04-01T00:00:00","date_gmt":"2016-04-01T00:00:00","guid":{"rendered":"https:\/\/www.salvatorianas.org.br\/blog\/papa-francisco-publicara-exortacao-apostolica-sobre-o-amor-na-familia\/"},"modified":"2016-04-01T00:00:00","modified_gmt":"2016-04-01T00:00:00","slug":"papa-francisco-publicara-exortacao-apostolica-sobre-o-amor-na-familia","status":"publish","type":"post","link":"https:\/\/www.salvatorianas.org.br\/blog\/papa-francisco-publicara-exortacao-apostolica-sobre-o-amor-na-familia\/","title":{"rendered":"Papa Francisco publicar\u00e1 exorta\u00e7\u00e3o apost\u00f3lica &#8220;Sobre o amor na fam\u00edlia&#8221;"},"content":{"rendered":"<p style=\"padding-top: 20px; padding-bottom: 20px; border: 0px; font-stretch: inherit; font-size: 16px; line-height: 24px; vertical-align: baseline; text-align: justify; background-color: rgb(255, 255, 255);\"><span style=\"margin: 0px; padding: 0px; border: 0px; border-image-source: initial; border-image-slice: initial; border-image-width: initial; border-image-outset: initial; border-image-repeat: initial; font-style: inherit; font-variant: inherit; font-weight: inherit; font-stretch: inherit; font-size: inherit; line-height: 1.6; vertical-align: baseline;\"><font face=\"Tahoma\"><span style=\"line-height: 24px;\">[imagem1]<\/span><\/font><\/span><\/p>\n<p style=\"padding-top: 20px; padding-bottom: 20px; border: 0px; font-stretch: inherit; font-size: 16px; line-height: 24px; vertical-align: baseline; text-align: justify; background-color: rgb(255, 255, 255);\"><span style=\"margin: 0px; padding: 0px; border: 0px; border-image-source: initial; border-image-slice: initial; border-image-width: initial; border-image-outset: initial; border-image-repeat: initial; font-style: inherit; font-variant: inherit; font-weight: inherit; font-stretch: inherit; font-size: inherit; line-height: 1.6; vertical-align: baseline;\"><font face=\"Tahoma\"><span style=\"line-height: 24px;\">&ldquo;<\/span><i style=\"margin: 0px; padding: 0px; border: 0px; border-image-source: initial; border-image-slice: initial; border-image-width: initial; border-image-outset: initial; border-image-repeat: initial; font-stretch: inherit; line-height: 24px; vertical-align: baseline;\">Amoris&nbsp;laetitia<\/i><span style=\"line-height: 24px;\">&rdquo; (Sobre o amor na fam&iacute;lia) &eacute; o t&iacute;tulo da Exorta&ccedil;&atilde;o Apost&oacute;lica P&oacute;s-Sinodal sobre a fam&iacute;lia do Papa Francisco.<\/span><br \/><\/font><\/span><\/p>\n<p style=\"padding-top: 20px; padding-bottom: 20px; border: 0px; font-stretch: inherit; font-size: 16px; line-height: 24px; vertical-align: baseline; text-align: justify; background-color: rgb(255, 255, 255);\"><span style=\"margin: 0px; padding: 0px; border: 0px; border-image-source: initial; border-image-slice: initial; border-image-width: initial; border-image-outset: initial; border-image-repeat: initial; font-style: inherit; font-variant: inherit; font-weight: inherit; font-stretch: inherit; font-size: inherit; line-height: 1.6; vertical-align: baseline;\"><font face=\"Tahoma\">O texto ser&aacute; publicado na sexta-feira, 8 de abril, e estar&aacute; dispon&iacute;vel em seis l&iacute;nguas, entre as quais o portugu&ecirc;s. A Exorta&ccedil;&atilde;o ser&aacute; apresentada aos jornalistas na Sala de Imprensa da Santa S&eacute; pelo Secret&aacute;rio-Geral do S&iacute;nodo dos Bispos, Card. Lorenzo Baldisseri, e pelo Arcebispo de Viena (&Aacute;ustria), Card. Christoph Sch&ouml;nborn.<\/font><\/span><\/p>\n<p style=\"padding-top: 20px; padding-bottom: 20px; border: 0px; font-stretch: inherit; font-size: 16px; line-height: 24px; vertical-align: baseline; text-align: justify; background-color: rgb(255, 255, 255);\"><span style=\"margin: 0px; padding: 0px; border: 0px; border-image-source: initial; border-image-slice: initial; border-image-width: initial; border-image-outset: initial; border-image-repeat: initial; font-style: inherit; font-variant: inherit; font-weight: inherit; font-stretch: inherit; font-size: inherit; line-height: 1.6; vertical-align: baseline;\"><font face=\"Tahoma\">Tamb&eacute;m participa da coletiva um casal italiano de professores, docentes de Filosofia: Prof. Francesco Miano, que leciona na Universidade de Roma Tor Vergata e a Professora Giuseppina De Simone, da Faculdade Teol&oacute;gica de N&aacute;poles.<\/font><\/span><\/p>\n<p style=\"padding-top: 20px; padding-bottom: 20px; border: 0px; font-stretch: inherit; font-size: 16px; line-height: 24px; font-family: Verdana, Geneva, sans-serif; vertical-align: baseline; text-align: justify; color: rgb(68, 68, 68); background-color: rgb(255, 255, 255);\"><iframe loading=\"lazy\" allowfullscreen=\"\" frameborder=\"0\" height=\"360\" src=\"http:\/\/www.youtube.com\/embed\/srUYIZ3T6tk?rel=0\" width=\"640\" style=\"margin: 0px; padding: 0px; border-width: 0px; border-style: initial; font-style: inherit; font-variant: inherit; font-weight: inherit; font-stretch: inherit; font-size: inherit; line-height: inherit; font-family: inherit; vertical-align: baseline;\"><\/iframe><\/p>\n<p style=\"padding-top: 20px; padding-bottom: 20px; border: 0px; font-stretch: inherit; font-size: 16px; line-height: 24px; vertical-align: baseline; text-align: justify; background-color: rgb(255, 255, 255);\"><span style=\"margin: 0px; padding: 0px; border: 0px; border-image-source: initial; border-image-slice: initial; border-image-width: initial; border-image-outset: initial; border-image-repeat: initial; font-style: inherit; font-variant: inherit; font-weight: inherit; font-stretch: inherit; font-size: inherit; line-height: 1.6; vertical-align: baseline;\"><font face=\"Tahoma\">A coletiva poder&aacute; ser acompanhada ao vivo no&nbsp;<a href=\"http:\/\/player.rv.va\/\" target=\"_blank\" style=\"margin: 0px; padding: 0px; border: 0px; border-image-source: initial; border-image-slice: initial; border-image-width: initial; border-image-outset: initial; border-image-repeat: initial; font-style: inherit; font-variant: inherit; font-weight: inherit; font-stretch: inherit; font-size: inherit; line-height: inherit; vertical-align: baseline;\">Vatican Player<\/a>&nbsp;da R&aacute;dio Vaticano, onde permanecer&aacute; dispon&iacute;vel tamb&eacute;m on demand.<\/font><\/span><\/p>\n<p style=\"padding-top: 20px; padding-bottom: 20px; border: 0px; font-stretch: inherit; font-size: 16px; line-height: 24px; vertical-align: baseline; text-align: justify; background-color: rgb(255, 255, 255);\"><span style=\"margin: 0px; padding: 0px; border: 0px; font-style: inherit; font-variant: inherit; font-weight: inherit; font-stretch: inherit; font-size: inherit; line-height: 1.6; vertical-align: baseline;\"><font face=\"Tahoma\">A Exorta&ccedil;&atilde;o Apost&oacute;lica &ldquo;<i style=\"margin: 0px; padding: 0px; border: 0px; font-variant: inherit; font-weight: inherit; font-stretch: inherit; font-size: inherit; line-height: inherit; vertical-align: baseline;\">Amoris laetitia<\/i>&rdquo; ser&aacute; publicada quase seis meses ap&oacute;s a conclus&atilde;o do S&iacute;nodo Ordin&aacute;rio sobre a Fam&iacute;lia convocado pelo Papa Francisco em outubro passado. Um ano antes, em 2014, o Pont&iacute;fice convocou um S&iacute;nodo Extraordin&aacute;rio sobre o mesmo tema.<\/font><\/span><\/p>\n<p style=\"padding-top: 20px; padding-bottom: 20px; border: 0px; font-stretch: inherit; font-size: 16px; line-height: 24px; vertical-align: baseline; text-align: justify; background-color: rgb(255, 255, 255);\"><span style=\"margin: 0px; padding: 0px; border: 0px; border-image-source: initial; border-image-slice: initial; border-image-width: initial; border-image-outset: initial; border-image-repeat: initial; font-style: inherit; font-variant: inherit; font-weight: inherit; font-stretch: inherit; font-size: inherit; line-height: 1.6; vertical-align: baseline;\"><font face=\"Tahoma\">Depois de dois anos de intenso trabalho dos bispos que participaram dos dois S&iacute;nodos, o texto do Papa Francisco &eacute; aguardado pelas dioceses do mundo inteiro por oferecer diretrizes e linhas de a&ccedil;&atilde;o sobre temas pr&aacute;ticos que dizem respeito &agrave; fam&iacute;lia.<\/font><\/span><\/p>\n<p style=\"padding-top: 20px; padding-bottom: 20px; border: 0px; font-stretch: inherit; font-size: 16px; line-height: 24px; vertical-align: baseline; text-align: justify; background-color: rgb(255, 255, 255);\"><span style=\"margin: 0px; padding: 0px; border: 0px; border-image-source: initial; border-image-slice: initial; border-image-width: initial; border-image-outset: initial; border-image-repeat: initial; font-style: inherit; font-variant: inherit; font-weight: inherit; font-stretch: inherit; font-size: inherit; line-height: 1.6; vertical-align: baseline;\"><font face=\"Tahoma\">Fonte: R&aacute;dio Vaticano<\/font><\/span><\/p>\n<p style=\"padding-top: 20px; padding-bottom: 20px; border: 0px; font-stretch: inherit; font-size: 16px; line-height: 24px; vertical-align: baseline; text-align: justify; background-color: rgb(255, 255, 255);\"><span style=\"margin: 0px; padding: 0px; border: 0px; border-image-source: initial; border-image-slice: initial; border-image-width: initial; border-image-outset: initial; border-image-repeat: initial; font-style: inherit; font-variant: inherit; font-weight: inherit; font-stretch: inherit; font-size: inherit; line-height: 1.6; vertical-align: baseline;\"><font face=\"Tahoma\"><br \/><\/font><\/span><\/p>\n","protected":false},"excerpt":{"rendered":"<p>[imagem1] &ldquo;Amoris&nbsp;laetitia&rdquo; (Sobre o amor na fam&iacute;lia) &eacute; o t&iacute;tulo da Exorta&ccedil;&atilde;o Apost&oacute;lica P&oacute;s-Sinodal sobre a fam&iacute;lia do Papa Francisco. O texto ser&aacute; publicado na sexta-feira, 8 de abril, e estar&aacute; dispon&iacute;vel em&#8230;<\/p>\n","protected":false},"author":1,"featured_media":2141,"comment_status":"open","ping_status":"open","sticky":false,"template":"","format":"standard","meta":[],"categories":[1],"tags":[],"_links":{"self":[{"href":"https:\/\/www.salvatorianas.org.br\/blog\/wp-json\/wp\/v2\/posts\/1098"}],"collection":[{"href":"https:\/\/www.salvatorianas.org.br\/blog\/wp-json\/wp\/v2\/posts"}],"about":[{"href":"https:\/\/www.salvatorianas.org.br\/blog\/wp-json\/wp\/v2\/types\/post"}],"author":[{"embeddable":true,"href":"https:\/\/www.salvatorianas.org.br\/blog\/wp-json\/wp\/v2\/users\/1"}],"replies":[{"embeddable":true,"href":"https:\/\/www.salvatorianas.org.br\/blog\/wp-json\/wp\/v2\/comments?post=1098"}],"version-history":[{"count":0,"href":"https:\/\/www.salvatorianas.org.br\/blog\/wp-json\/wp\/v2\/posts\/1098\/revisions"}],"wp:featuredmedia":[{"embeddable":true,"href":"https:\/\/www.salvatorianas.org.br\/blog\/wp-json\/wp\/v2\/media\/2141"}],"wp:attachment":[{"href":"https:\/\/www.salvatorianas.org.br\/blog\/wp-json\/wp\/v2\/media?parent=1098"}],"wp:term":[{"taxonomy":"category","embeddable":true,"href":"https:\/\/www.salvatorianas.org.br\/blog\/wp-json\/wp\/v2\/categories?post=1098"},{"taxonomy":"post_tag","embeddable":true,"href":"https:\/\/www.salvatorianas.org.br\/blog\/wp-json\/wp\/v2\/tags?post=1098"}],"curies":[{"name":"wp","href":"https:\/\/api.w.org\/{rel}","templated":true}]}}