{"id":1080,"date":"2016-04-09T00:00:00","date_gmt":"2016-04-09T00:00:00","guid":{"rendered":"https:\/\/www.salvatorianas.org.br\/blog\/mudancas-no-cenario-sociorreligioso-e-momento-atual-no-brasil-sao-temas-das-analises-de-conjuntura\/"},"modified":"2016-04-09T00:00:00","modified_gmt":"2016-04-09T00:00:00","slug":"mudancas-no-cenario-sociorreligioso-e-momento-atual-no-brasil-sao-temas-das-analises-de-conjuntura","status":"publish","type":"post","link":"https:\/\/www.salvatorianas.org.br\/blog\/mudancas-no-cenario-sociorreligioso-e-momento-atual-no-brasil-sao-temas-das-analises-de-conjuntura\/","title":{"rendered":"Mudan\u00e7as no cen\u00e1rio sociorreligioso e momento atual no Brasil s\u00e3o temas das an\u00e1lises de conjuntura"},"content":{"rendered":"<p class=\"MsoNormal\" style=\"text-align: justify;\">Em entrevista coletiva &agrave;imprensa, dom Joaquim Mol destaca respeito &agrave;s diferen&ccedil;as religiosas e rep&uacute;dio &agrave;corrup&ccedil;&atilde;o no Brasil<\/p>\n<p class=\"MsoNormal\" style=\"text-align: justify;\"><o:p>&nbsp;<\/o:p><\/p>\n<p class=\"MsoNormal\" style=\"text-align: justify;\">&nbsp;&ldquo;Precisamos cultivar aqui a capacidade dedi&aacute;logo uns com os outros, de respeito &agrave;s diferen&ccedil;as religiosas, para que,assim, a somat&oacute;ria da perspectiva da viv&ecirc;ncia religiosa posa tamb&eacute;m contribuirpara cada pessoa individualmente, marcar sua fam&iacute;lia e a realidade brasileira&rdquo;,ressaltou o bispo auxiliar de Belo Horizonte (MG), dom Joaquim Mol, a respeitoda an&aacute;lise de conjuntura sociorreligiosa apresentada aos bispos do Brasil,reunidos em Aparecida, pela pesquisadora do Centro de Estat&iacute;sticas Religiosas eInvestiga&ccedil;&atilde;o Social, Silvia Fernandes. <\/p>\n<p class=\"MsoNormal\" style=\"text-align: justify;\"><o:p>&nbsp;<\/o:p><\/p>\n<p class=\"MsoNormal\" style=\"text-align: justify;\">Dom Mol mostrou dados da pesquisa&ldquo;Mudan&ccedil;as no cen&aacute;rio sociorreligioso no Brasil&rdquo; aos jornalistas, duranteentrevista coletiva, na tarde desta quinta-feira, 7.<\/p>\n<p class=\"MsoNormal\" style=\"text-align: justify;\"><o:p>&nbsp;<\/o:p><\/p>\n<p class=\"MsoNormal\" style=\"text-align: justify;\">Segundo o bispo, foi constatadoque n&atilde;o houve uma mudan&ccedil;a substantiva da realidade do cen&aacute;rio sociorreligiosono Brasil. &ldquo;A Igreja Cat&oacute;lica continua com 64,5,% das pessoas que professam eque se dizem cat&oacute;licas no Brasil. Os demais percentuais est&atilde;o distribu&iacute;dos emv&aacute;rios grupos, sendo que h&aacute; um destaque maior para o protestantismopentecostal, com 18%&rdquo;, explicou. <\/p>\n<p class=\"MsoNormal\" style=\"text-align: justify;\"><o:p>&nbsp;<\/o:p><\/p>\n<p class=\"MsoNormal\" style=\"text-align: justify;\">&ldquo;N&oacute;s estamos em um pa&iacute;s,portanto, que tem um povo com grande rela&ccedil;&atilde;o com Deus e com uma cren&ccedil;a muitobem definida&rdquo;, afirmou.<\/p>\n<p class=\"MsoNormal\" style=\"text-align: justify;\"><o:p>&nbsp;<\/o:p><\/p>\n<p class=\"MsoNormal\" style=\"text-align: justify;\">Apesar do Brasil ter maioriacat&oacute;lica, dom Mol chamou a aten&ccedil;&atilde;o para o n&uacute;mero de pessoas que se consideramsem religi&atilde;o, 8,9%. &ldquo;&Eacute; importante destacar que, daqueles 8,9% dos que seconsideram sem religi&atilde;o, as raz&otilde;es s&atilde;o v&aacute;rias, tais como: possuem religiosidadepr&oacute;pria sem v&iacute;nculo com institui&ccedil;&atilde;o, n&atilde;o possuem cren&ccedil;as religiosas, n&atilde;ofrequentam igrejas e, dentre esses, 0,5% diz que n&atilde;o acredita em Deus&rdquo;,acrescentou. <\/p>\n<p class=\"MsoNormal\" style=\"text-align: justify;\"><o:p>&nbsp;<\/o:p><\/p>\n<p class=\"MsoNormal\" style=\"text-align: justify;\"><b>Conjuntura socioecon&ocirc;mica epol&iacute;tica<\/b><\/p>\n<p class=\"MsoNormal\" style=\"text-align: justify;\"><o:p>&nbsp;<\/o:p><\/p>\n<p class=\"MsoNormal\" style=\"text-align: justify;\">Al&eacute;m da an&aacute;lise sociorreligiosa,o episcopado brasileiro tamb&eacute;m discutiu, na tarde de ontem, 6, a conjunturasocioecon&ocirc;mica e pol&iacute;tica. <\/p>\n<p class=\"MsoNormal\" style=\"text-align: justify;\"><o:p>&nbsp;<\/o:p><\/p>\n<p class=\"MsoNormal\" style=\"text-align: justify;\">De acordo com dom Mol, &ldquo;a IgrejaCat&oacute;lica no Brasil, por meio da CNBB, mas n&atilde;o s&oacute; os bispos, como tamb&eacute;m ospadres e seus fi&eacute;is, repudia, com veem&ecirc;ncia, toda e qualquer atitude, a&ccedil;&atilde;o,plano de corrup&ccedil;&atilde;o no Pa&iacute;s&rdquo;. <\/p>\n<p class=\"MsoNormal\" style=\"text-align: justify;\"><o:p>&nbsp;<\/o:p><\/p>\n<p class=\"MsoNormal\" style=\"text-align: justify;\">O bispo falou que a corrup&ccedil;&atilde;o &eacute;algo que fere e desmancha o tecido social e acrescentou que a CNBB e a IgrejaCat&oacute;lica no Brasil consideram que &ldquo;a apura&ccedil;&atilde;o de toda a corrup&ccedil;&atilde;o deve serimplac&aacute;vel&rdquo;. <\/p>\n<p class=\"MsoNormal\" style=\"text-align: justify;\"><o:p>&nbsp;<\/o:p><\/p>\n<p class=\"MsoNormal\" style=\"text-align: justify;\">&ldquo;Que as pessoas envolvidas sejamjulgadas, as pessoas consideradas culpadas&nbsp;punidas, rigorosamente, dentro da legisla&ccedil;&atilde;o que n&oacute;s temos em nossoPa&iacute;s&rdquo;, disse. <\/p>\n<p class=\"MsoNormal\" style=\"text-align: justify;\"><o:p>&nbsp;<\/o:p><\/p>\n<p class=\"MsoNormal\" style=\"text-align: justify;\">Dom Mol comentou que a Assembleiada CNBB est&aacute; trabalhando um texto que falar&aacute; da situa&ccedil;&atilde;o atual do Brasil. &ldquo;Masn&atilde;o s&oacute; do ponto de vista conjuntural. N&oacute;s estamos vivendo um momento de crises,mas essas crises n&atilde;o s&atilde;o de agora. No momento est&atilde;o abertas, mas s&atilde;o antigas edevem levar muito tempo para serem superadas&rdquo;,&nbsp;completou.<\/p>\n<p class=\"MsoNormal\" style=\"text-align: justify;\"><o:p>&nbsp;<\/o:p><\/p>\n<p class=\"MsoNormal\" style=\"text-align: justify;\">Segundo o bispo, o textoapresenta percep&ccedil;&otilde;es da realidade nos campos cultural, econ&ocirc;mico, social e pol&iacute;tico.&ldquo;Para cada um desses campos, estamos procurando ilumina&ccedil;&otilde;es na Doutrina Socialda Igreja que, durante s&eacute;culos vem pensando e repensando como elaborarelementos de ilumina&ccedil;&atilde;o capazes de ajudar os crist&atilde;os cat&oacute;licos no mundo a seconfrontarem com as realidade e ao mesmo tempo oferecerem contribui&ccedil;&otilde;es desupera&ccedil;&atilde;o dos problemas&rdquo;, informou.<\/p>\n<p class=\"MsoNormal\" style=\"text-align: justify;\"><o:p>&nbsp;<\/o:p><\/p>\n<p class=\"MsoNormal\" style=\"text-align: justify;\">O documento ser&aacute; discutido pelosbispos no decorrer da Assembleia, que prosseguir&aacute; at&eacute; o dia 15 de abril.<\/p>\n<p class=\"MsoNormal\" style=\"text-align: justify;\"><\/p>\n<p class=\"MsoNormal\" style=\"text-align: justify;\">Fonte: CNBB<\/p>\n<p class=\"MsoNormal\" style=\"text-align: justify;\"><\/p>\n<p class=\"MsoNormal\" style=\"text-align: justify;\"><\/p>\n","protected":false},"excerpt":{"rendered":"<p>Em entrevista coletiva &agrave;imprensa, dom Joaquim Mol destaca respeito &agrave;s diferen&ccedil;as religiosas e rep&uacute;dio &agrave;corrup&ccedil;&atilde;o no Brasil &nbsp; &nbsp;&ldquo;Precisamos cultivar aqui a capacidade dedi&aacute;logo uns com os outros, de respeito &agrave;s diferen&ccedil;as religiosas,&#8230;<\/p>\n","protected":false},"author":1,"featured_media":1213,"comment_status":"open","ping_status":"open","sticky":false,"template":"","format":"standard","meta":[],"categories":[1],"tags":[],"_links":{"self":[{"href":"https:\/\/www.salvatorianas.org.br\/blog\/wp-json\/wp\/v2\/posts\/1080"}],"collection":[{"href":"https:\/\/www.salvatorianas.org.br\/blog\/wp-json\/wp\/v2\/posts"}],"about":[{"href":"https:\/\/www.salvatorianas.org.br\/blog\/wp-json\/wp\/v2\/types\/post"}],"author":[{"embeddable":true,"href":"https:\/\/www.salvatorianas.org.br\/blog\/wp-json\/wp\/v2\/users\/1"}],"replies":[{"embeddable":true,"href":"https:\/\/www.salvatorianas.org.br\/blog\/wp-json\/wp\/v2\/comments?post=1080"}],"version-history":[{"count":0,"href":"https:\/\/www.salvatorianas.org.br\/blog\/wp-json\/wp\/v2\/posts\/1080\/revisions"}],"wp:featuredmedia":[{"embeddable":true,"href":"https:\/\/www.salvatorianas.org.br\/blog\/wp-json\/wp\/v2\/media\/1213"}],"wp:attachment":[{"href":"https:\/\/www.salvatorianas.org.br\/blog\/wp-json\/wp\/v2\/media?parent=1080"}],"wp:term":[{"taxonomy":"category","embeddable":true,"href":"https:\/\/www.salvatorianas.org.br\/blog\/wp-json\/wp\/v2\/categories?post=1080"},{"taxonomy":"post_tag","embeddable":true,"href":"https:\/\/www.salvatorianas.org.br\/blog\/wp-json\/wp\/v2\/tags?post=1080"}],"curies":[{"name":"wp","href":"https:\/\/api.w.org\/{rel}","templated":true}]}}