{"id":1077,"date":"2016-04-12T00:00:00","date_gmt":"2016-04-12T00:00:00","guid":{"rendered":"https:\/\/www.salvatorianas.org.br\/blog\/celebracao-ecumenica-marca-assembleia-geral-dos-bispos-em-aparecida\/"},"modified":"2016-04-12T00:00:00","modified_gmt":"2016-04-12T00:00:00","slug":"celebracao-ecumenica-marca-assembleia-geral-dos-bispos-em-aparecida","status":"publish","type":"post","link":"https:\/\/www.salvatorianas.org.br\/blog\/celebracao-ecumenica-marca-assembleia-geral-dos-bispos-em-aparecida\/","title":{"rendered":"Celebra\u00e7\u00e3o Ecum\u00eanica marca Assembleia Geral dos Bispos, em Aparecida"},"content":{"rendered":"<p class=\"MsoNormal\" style=\"text-align: justify;\">[imagem1]<\/p>\n<p class=\"MsoNormal\" style=\"text-align: justify;\"><\/p>\n<p class=\"MsoNormal\" style=\"text-align: justify;\">Nesta ter&ccedil;a-feira, s&eacute;timo dia detrabalhos da 54&ordf; Assembleia Geral (AG) da Confer&ecirc;ncia Nacional dos Bispos doBrasil, (CNBB) em Aparecida, SP, os trabalhos, como de costume tiveram in&iacute;ciocom a Santa Missa no Santu&aacute;rio Nacional presidida por Dom Jos&eacute; Ant&ocirc;nio RobertoCavuto, bispo de Itapipoca (CE). Concelebraram os bispos do Regional Nordeste1. Logo em seguida, ainda no Santu&aacute;rio a realiza&ccedil;&atilde;o de uma sess&atilde;o privativa, ouseja, somente os bispos, sem os assessores.<\/p>\n<p class=\"MsoNormal\" style=\"text-align: justify;\"><\/p>\n<p class=\"MsoNormal\" style=\"text-align: justify;\">Na parte da manh&atilde;, j&aacute; no Centrode Eventos Padre Vitor Coelho, os trabalhos prosseguiram, centralizando aaten&ccedil;&atilde;o sobre o momento vivido pelo Brasil, e a discuss&atilde;o sobre a Nota dasitua&ccedil;&atilde;o do pa&iacute;s.<\/p>\n<p class=\"MsoNormal\" style=\"text-align: justify;\"><\/p>\n<p class=\"MsoNormal\" style=\"text-align: justify;\">Nas &uacute;ltimas assembleias, osbispos pediram que se criasse um espa&ccedil;o maior para a partilha de experi&ecirc;nciaspastorais no tempo de trabalho no plen&aacute;rio. A pastoral &eacute; a express&atilde;o dasolicitude da Igreja nas comunidades, par&oacute;quias e dioceses. O trabalho,efetivamente, &eacute; realizado em favor da catequese, da liturgia e do compromissosocial da Igreja. &Eacute; a tradu&ccedil;&atilde;o da a&ccedil;&atilde;o evangelizadora que &eacute; miss&atilde;o central daIgreja. O momento de partilha, entre os bispos, de experi&ecirc;ncias pastoraisocorreu na manh&atilde; desta ter&ccedil;a-feira foi dividido na exposi&ccedil;&atilde;o de tr&ecirc;s relatos de45 minutos cada seguidos por coment&aacute;rios e intera&ccedil;&atilde;o de mais 45 minutos.<\/p>\n<p class=\"MsoNormal\" style=\"text-align: justify;\"><\/p>\n<p class=\"MsoNormal\" style=\"text-align: justify;\">A C&aacute;ritas Brasileira completar&aacute;60 anos em 12 de novembro de 2016. Na primeira sess&atilde;o da tarde, os bisposreunidos na assembleia ter&atilde;o parte dos trabalhos dedicada &agrave; mem&oacute;ria do empenhode solidariedade realizado por esse organismo da CNBB. A Caritas faz parte deuma rede internacional e, no Brasil, est&aacute; tamb&eacute;m organizada em rede com 183entidades-membros. Atua em 450 munic&iacute;pios, sendo presen&ccedil;a solid&aacute;ria junto &agrave;spessoas mais empobrecidas. Segundo informa&ccedil;&otilde;es da entidade, essa rede solid&aacute;riatem mais de 15 mil agentes, a maioria volunt&aacute;ria, com a&ccedil;&atilde;o por todo o pa&iacute;s. Nos&uacute;ltimos 10 anos, a C&aacute;ritas Brasileira auxiliou &#8220;mais de 300 mil fam&iacute;lias,contribuindo para a transforma&ccedil;&atilde;o de suas vidas e devolvendo a elas a esperan&ccedil;ade novas conquistas&#8221;.<\/p>\n<p class=\"MsoNormal\" style=\"text-align: justify;\"><\/p>\n<p class=\"MsoNormal\" style=\"text-align: justify;\">A Confer&ecirc;ncia disp&otilde;e de umdepartamento que se dedica &agrave; produ&ccedil;&atilde;o de subs&iacute;dios para a evangeliza&ccedil;&atilde;o noBrasil. As &#8220;Edi&ccedil;&otilde;es CNBB&#8221; est&atilde;o tamb&eacute;m fazendo anivers&aacute;rio especialneste ano de 2016. Hoje, &agrave; tarde, os bispos ser&atilde;o informados sobre o percursopercorrido at&eacute; agora pela equipe que administra esse centro editorial.<\/p>\n<p class=\"MsoNormal\" style=\"text-align: justify;\"><\/p>\n<p class=\"MsoNormal\" style=\"text-align: justify;\">Uma apresenta&ccedil;&atilde;o de 45 minutosser&aacute; feita pelo pastor Nestor Friedrich, presidente da Igreja ISLB (IgrejaEpiscopal de Confiss&atilde;o Luterana no Brasil) aos bispos, em plen&aacute;rio, sobre odocumento cat&oacute;lico-luterano que lembra os 500 anos da Reforma Protestante queser&atilde;o celebrados no ano que vem. Segundo o monsenhor Matthias Turk, doPontif&iacute;cio Conselho para a Promo&ccedil;&atilde;o da Unidade dos Crist&atilde;os da Santa S&eacute;, porocasi&atilde;o do lan&ccedil;amento do documento em Genebra, Su&iacute;&ccedil;a, em junho de 2013, ainten&ccedil;&atilde;o desse documento n&atilde;o &eacute; &#8220;contar uma hist&oacute;ria diferente&#8221;, massim &#8220;contar a hist&oacute;ria de forma diferente&#8221;. Ele considera que&#8221;as raz&otilde;es que levam a divis&otilde;es na Igreja muitas vezes se fundamentamsobre mal-entendidos e sobre interpreta&ccedil;&otilde;es diferentes dos mesmos conte&uacute;dos def&eacute; e das mesmas convic&ccedil;&otilde;es teol&oacute;gicas. No di&aacute;logo ecum&ecirc;nico internacional,soubemos redescobrir os fundamentos comuns, as bases comuns que temos sobre asquest&otilde;es de f&eacute; e soubemos afirmar que esses pontos n&atilde;o s&atilde;o mais um motivo dedivis&atilde;o entre as Igrejas. O nosso documento resume todos esses passos como umacoleta do que temos em comum e se projeta para o futuro, em busca do pr&oacute;ximopasso no testemunho comum ao mundo de hoje&#8221;.<\/p>\n<p class=\"MsoNormal\" style=\"text-align: justify;\"><\/p>\n<p class=\"MsoNormal\" style=\"text-align: justify;\">Como de costume nas assembleias,hoje ser&aacute; realizada, no final da &uacute;ltima sess&atilde;o de trabalhos, uma celebra&ccedil;&atilde;oecum&ecirc;nica. A cerim&ocirc;nia est&aacute; sendo organizada pela Comiss&atilde;o Episcopal Pastoralpara o Ecumenismo e o Di&aacute;logo Inter-religioso. Dom Francisco Biasin, presidenteda Comiss&atilde;o, considera este evento muito importante na programa&ccedil;&atilde;o daAssembleia Geral: &#8220;&eacute; uma atitude de abertura e acolhimento de toda ariqueza que as igrejas e as religi&otilde;es podem dar ao nosso caminho de f&eacute;&#8221;.<\/p>\n<p class=\"MsoNormal\" style=\"text-align: justify;\"><\/p>\n<p class=\"MsoNormal\" style=\"text-align: justify;\">Participam da celebra&ccedil;&atilde;o: DomFl&aacute;vio Augusto Irala, da IEAB (Igreja Episcopal Anglicana no Brasil),presidente do CONIC (Conselho Nacional de Igrejas Crist&atilde;s); Pastora S&ocirc;nia Mota,da IPU (Igreja Presbiteriana Unida), secret&aacute;ria executiva da CESE(Coordenadoria Ecum&ecirc;nica de Servi&ccedil;os); Pastor Joel Zeferino, da ABB (Alian&ccedil;a deBatistas do Brasil); Dom Raman&oacute;s Dowd, bispo auxiliar; e Hipodi&aacute;cono GeorgiosJener Ver&ccedil;osa, ambos da Igreja Ortodoxa de Antioquia.<\/p>\n<p class=\"MsoNormal\" style=\"text-align: justify;\"><\/p>\n<p class=\"MsoNormal\" style=\"text-align: justify;\">Fonte: CNBB<\/p>\n<p class=\"MsoNormal\" style=\"text-align: justify;\"><\/p>\n<p class=\"MsoNormal\" style=\"text-align: justify;\"><\/p>\n","protected":false},"excerpt":{"rendered":"<p>[imagem1] Nesta ter&ccedil;a-feira, s&eacute;timo dia detrabalhos da 54&ordf; Assembleia Geral (AG) da Confer&ecirc;ncia Nacional dos Bispos doBrasil, (CNBB) em Aparecida, SP, os trabalhos, como de costume tiveram in&iacute;ciocom a Santa Missa no Santu&aacute;rio&#8230;<\/p>\n","protected":false},"author":1,"featured_media":2113,"comment_status":"open","ping_status":"open","sticky":false,"template":"","format":"standard","meta":[],"categories":[1],"tags":[],"_links":{"self":[{"href":"https:\/\/www.salvatorianas.org.br\/blog\/wp-json\/wp\/v2\/posts\/1077"}],"collection":[{"href":"https:\/\/www.salvatorianas.org.br\/blog\/wp-json\/wp\/v2\/posts"}],"about":[{"href":"https:\/\/www.salvatorianas.org.br\/blog\/wp-json\/wp\/v2\/types\/post"}],"author":[{"embeddable":true,"href":"https:\/\/www.salvatorianas.org.br\/blog\/wp-json\/wp\/v2\/users\/1"}],"replies":[{"embeddable":true,"href":"https:\/\/www.salvatorianas.org.br\/blog\/wp-json\/wp\/v2\/comments?post=1077"}],"version-history":[{"count":0,"href":"https:\/\/www.salvatorianas.org.br\/blog\/wp-json\/wp\/v2\/posts\/1077\/revisions"}],"wp:featuredmedia":[{"embeddable":true,"href":"https:\/\/www.salvatorianas.org.br\/blog\/wp-json\/wp\/v2\/media\/2113"}],"wp:attachment":[{"href":"https:\/\/www.salvatorianas.org.br\/blog\/wp-json\/wp\/v2\/media?parent=1077"}],"wp:term":[{"taxonomy":"category","embeddable":true,"href":"https:\/\/www.salvatorianas.org.br\/blog\/wp-json\/wp\/v2\/categories?post=1077"},{"taxonomy":"post_tag","embeddable":true,"href":"https:\/\/www.salvatorianas.org.br\/blog\/wp-json\/wp\/v2\/tags?post=1077"}],"curies":[{"name":"wp","href":"https:\/\/api.w.org\/{rel}","templated":true}]}}