{"id":1073,"date":"2016-04-13T00:00:00","date_gmt":"2016-04-13T00:00:00","guid":{"rendered":"https:\/\/www.salvatorianas.org.br\/blog\/papa-sem-um-coracao-arrependido-toda-acao-religiosa-e-ineficaz\/"},"modified":"2016-04-13T00:00:00","modified_gmt":"2016-04-13T00:00:00","slug":"papa-sem-um-coracao-arrependido-toda-acao-religiosa-e-ineficaz","status":"publish","type":"post","link":"https:\/\/www.salvatorianas.org.br\/blog\/papa-sem-um-coracao-arrependido-toda-acao-religiosa-e-ineficaz\/","title":{"rendered":"Papa: sem um cora\u00e7\u00e3o arrependido, toda a\u00e7\u00e3o religiosa \u00e9 ineficaz"},"content":{"rendered":"<p class=\"MsoNormal\" style=\"text-align: justify;\">[imagem1]<\/p>\n<p class=\"MsoNormal\" style=\"text-align: justify;\"><\/p>\n<p class=\"MsoNormal\" style=\"text-align: justify;\">&ldquo;Miseric&oacute;rdia &eacute; que eu quero, en&atilde;o sacrif&iacute;cio&rdquo;. Partindo desta m&aacute;xima de Jesus no contexto b&iacute;blico da voca&ccedil;&atilde;ode Mateus, o Papa afirmou durante a Audi&ecirc;ncia geral desta quarta-feira,(13\/04), que qualquer atitude religiosa que n&atilde;o provenha do arrependimento &eacute;ineficaz. &ldquo;Todos necessitamos da miseric&oacute;rdia de Deus, origem da nossasalva&ccedil;&atilde;o&rdquo;, disse Francisco.<\/p>\n<p class=\"MsoNormal\" style=\"text-align: justify;\">Mateus era coletor de impostos e,por isso, um pecador p&uacute;blico. Contudo, sua verdadeira voca&ccedil;&atilde;o se confirma com ochamado do Mestre, por&eacute;m isso n&atilde;o o torna perfeito.<\/p>\n<p class=\"MsoNormal\" style=\"text-align: justify;\"><\/p>\n<p class=\"MsoNormal\" style=\"text-align: justify;\">&ldquo;&Eacute; verdade que ser crist&atilde;o n&atilde;onos faz impec&aacute;veis. Como Mateus, o publicano, cada um de n&oacute;s se entrega &agrave; gra&ccedil;ado Senhor apesar dos pr&oacute;prios pecados. Todos somos pecadores, todos pecamos.Uma vez, ouvi um prov&eacute;rbio t&atilde;o bonito: n&atilde;o h&aacute; santo sem passado, e n&atilde;o h&aacute;pecador sem futuro. &Eacute; bonito isso, isto &eacute; o que faz Jesus&rdquo;, recordou oPont&iacute;fice.<\/p>\n<p class=\"MsoNormal\" style=\"text-align: justify;\"><\/p>\n<p class=\"MsoNormal\" style=\"text-align: justify;\"><b>Muro que nos separa de Deus<\/b><\/p>\n<p class=\"MsoNormal\" style=\"text-align: justify;\"><b><br \/><\/b><\/p>\n<p class=\"MsoNormal\" style=\"text-align: justify;\">Todavia, recordou Francisco, &eacute;preciso superar uma barreira que nos afasta de Deus e que, por muitas vezes,parece intranspon&iacute;vel:<\/p>\n<p class=\"MsoNormal\" style=\"text-align: justify;\">&ldquo;A vida crist&atilde; &eacute; uma escola dehumildade que se abre &agrave; gra&ccedil;a. Tal comportamento n&atilde;o &eacute; compreendido por quemtem a presun&ccedil;&atilde;o de se achar &lsquo;justo&rsquo; e melhor do que os outros. Soberba eorgulho n&atilde;o permitem que reconhe&ccedil;amos a nossa necessidade de salva&ccedil;&atilde;o, ali&aacute;s,impede de ver o rosto misericordioso de Deus e de agir com miseric&oacute;rdia. S&atilde;o ummuro, a soberba e o orgulho, s&atilde;o um muro que impedem a rela&ccedil;&atilde;o com Deus&rdquo;.<\/p>\n<p class=\"MsoNormal\" style=\"text-align: justify;\"><\/p>\n<p class=\"MsoNormal\" style=\"text-align: justify;\">Os pecadores, todos, sem exclus&atilde;o&ndash; refor&ccedil;ou o Papa &ndash; tamb&eacute;m t&ecirc;m a oportunidade de serem curados pelo poder&ldquo;restaurador de Deus&rdquo;&nbsp; que n&atilde;o conhecelimites. &ldquo;E isso nos deve dar confian&ccedil;a para que Jesus venha e nos cure!&rdquo;,exclamou o Pont&iacute;fice.<\/p>\n<p class=\"MsoNormal\" style=\"text-align: justify;\"><\/p>\n<p class=\"MsoNormal\" style=\"text-align: justify;\"><b>M&eacute;dico Divino<\/b><\/p>\n<p class=\"MsoNormal\" style=\"text-align: justify;\"><b><br \/><\/b><\/p>\n<p class=\"MsoNormal\" style=\"text-align: justify;\">Francisco refletiu ent&atilde;o sobreJesus que se apresenta como M&eacute;dico Divino, com dois medicamentos que restaurame nutrem: a Palavra e a Eucaristia.<\/p>\n<p class=\"MsoNormal\" style=\"text-align: justify;\"><\/p>\n<p class=\"MsoNormal\" style=\"text-align: justify;\">&ldquo;Com a Palavra, Ele se revela enos convida a um di&aacute;logo entre amigos: Jesus n&atilde;o tinha medo de falar com ospecadores, os publicanos, as prostitutas. N&atilde;o tinha medo, amava todos&rdquo;, disse oPapa ao advertir:<\/p>\n<p class=\"MsoNormal\" style=\"text-align: justify;\"><\/p>\n<p class=\"MsoNormal\" style=\"text-align: justify;\">&ldquo;&Agrave;s vezes, esta Palavra &eacute;dolorosa porque incide sobre as hipocrisias, desmascara as falsas desculpas,traz &agrave; tona as verdades escondidas; mas ao mesmo tempo ilumina e purifica, d&aacute;for&ccedil;a e esperan&ccedil;a, &eacute; um reconstituinte preciso no nosso caminho de f&eacute;&rdquo;.<\/p>\n<p class=\"MsoNormal\" style=\"text-align: justify;\"><\/p>\n<p class=\"MsoNormal\" style=\"text-align: justify;\"><b>Religiosidade de fachada<\/b><\/p>\n<p class=\"MsoNormal\" style=\"text-align: justify;\"><b><br \/><\/b><\/p>\n<p class=\"MsoNormal\" style=\"text-align: justify;\">O segundo b&aacute;lsamo para oarrependimento sincero do cora&ccedil;&atilde;o crist&atilde;o &eacute; a Eucaristia que &ldquo;nos nutre com apr&oacute;pria vida de Jesus e, como um potent&iacute;ssimo rem&eacute;dio, de maneira misteriosarenova continuadamente a gra&ccedil;a do nosso Batismo&rdquo;.<\/p>\n<p class=\"MsoNormal\" style=\"text-align: justify;\"><\/p>\n<p class=\"MsoNormal\" style=\"text-align: justify;\">Ao concluir, Francisco voltou aocen&aacute;rio de Jesus que dialoga com os fariseus para recordar que, apesar daalian&ccedil;a com Deus e da miseric&oacute;rdia, as ora&ccedil;&otilde;es de Israel eram incoerentes echeias de palavras vazias, uma &lsquo;religiosidade de fachada&rsquo;:<\/p>\n<p class=\"MsoNormal\" style=\"text-align: justify;\"><\/p>\n<p class=\"MsoNormal\" style=\"text-align: justify;\">&ldquo;&lsquo;Miseric&oacute;rdia &eacute; que eu quero&rsquo;,ou seja, a lealdade de um cora&ccedil;&atilde;o que reconhece os pr&oacute;prios pecados, que searrepende e volta a ser fiel &agrave; alian&ccedil;a com Deus. &lsquo;E n&atilde;o sacrif&iacute;cio&rsquo;: sem umcora&ccedil;&atilde;o arrependido, toda a&ccedil;&atilde;o religiosa &eacute; ineficaz&rdquo;.<\/p>\n<p class=\"MsoNormal\" style=\"text-align: justify;\"><\/p>\n<p class=\"MsoNormal\" style=\"text-align: center;\"><\/p>\n<p class=\"MsoNormal\" style=\"text-align: justify;\"><\/p>\n<p class=\"MsoNormal\" style=\"text-align: justify;\">\n<p style=\"text-align: center; padding-top: 20px; padding-bottom: 20px; border: 0px; font-stretch: inherit; font-size: 16px; line-height: 24px; font-family: Verdana, Geneva, sans-serif; vertical-align: baseline; color: rgb(68, 68, 68); background-color: rgb(255, 255, 255);\"><iframe loading=\"lazy\" allowfullscreen=\"\" frameborder=\"0\" height=\"360\" src=\"http:\/\/www.youtube.com\/embed\/9oUIlhiv7Kg?rel=0\" width=\"640\" style=\"margin: 0px; padding: 0px; border-width: 0px; border-style: initial; font-style: inherit; font-variant: inherit; font-weight: inherit; font-stretch: inherit; font-size: inherit; line-height: inherit; font-family: inherit; vertical-align: baseline;\"><\/iframe><\/p>\n<\/p>\n<p class=\"MsoNormal\" style=\"text-align: justify;\"><\/p>\n<p class=\"MsoNormal\" style=\"text-align: justify;\">Fonte: R&aacute;dio Vaticano<\/p>\n","protected":false},"excerpt":{"rendered":"<p>[imagem1] &ldquo;Miseric&oacute;rdia &eacute; que eu quero, en&atilde;o sacrif&iacute;cio&rdquo;. Partindo desta m&aacute;xima de Jesus no contexto b&iacute;blico da voca&ccedil;&atilde;ode Mateus, o Papa afirmou durante a Audi&ecirc;ncia geral desta quarta-feira,(13\/04), que qualquer atitude religiosa que&#8230;<\/p>\n","protected":false},"author":1,"featured_media":1117,"comment_status":"open","ping_status":"open","sticky":false,"template":"","format":"standard","meta":[],"categories":[1],"tags":[],"_links":{"self":[{"href":"https:\/\/www.salvatorianas.org.br\/blog\/wp-json\/wp\/v2\/posts\/1073"}],"collection":[{"href":"https:\/\/www.salvatorianas.org.br\/blog\/wp-json\/wp\/v2\/posts"}],"about":[{"href":"https:\/\/www.salvatorianas.org.br\/blog\/wp-json\/wp\/v2\/types\/post"}],"author":[{"embeddable":true,"href":"https:\/\/www.salvatorianas.org.br\/blog\/wp-json\/wp\/v2\/users\/1"}],"replies":[{"embeddable":true,"href":"https:\/\/www.salvatorianas.org.br\/blog\/wp-json\/wp\/v2\/comments?post=1073"}],"version-history":[{"count":0,"href":"https:\/\/www.salvatorianas.org.br\/blog\/wp-json\/wp\/v2\/posts\/1073\/revisions"}],"wp:featuredmedia":[{"embeddable":true,"href":"https:\/\/www.salvatorianas.org.br\/blog\/wp-json\/wp\/v2\/media\/1117"}],"wp:attachment":[{"href":"https:\/\/www.salvatorianas.org.br\/blog\/wp-json\/wp\/v2\/media?parent=1073"}],"wp:term":[{"taxonomy":"category","embeddable":true,"href":"https:\/\/www.salvatorianas.org.br\/blog\/wp-json\/wp\/v2\/categories?post=1073"},{"taxonomy":"post_tag","embeddable":true,"href":"https:\/\/www.salvatorianas.org.br\/blog\/wp-json\/wp\/v2\/tags?post=1073"}],"curies":[{"name":"wp","href":"https:\/\/api.w.org\/{rel}","templated":true}]}}