{"id":1066,"date":"2016-04-15T00:00:00","date_gmt":"2016-04-15T00:00:00","guid":{"rendered":"https:\/\/www.salvatorianas.org.br\/blog\/escolas-da-rede-salvatoriana-reunem-se-para-formacao\/"},"modified":"2016-04-15T00:00:00","modified_gmt":"2016-04-15T00:00:00","slug":"escolas-da-rede-salvatoriana-reunem-se-para-formacao","status":"publish","type":"post","link":"https:\/\/www.salvatorianas.org.br\/blog\/escolas-da-rede-salvatoriana-reunem-se-para-formacao\/","title":{"rendered":"Escolas da Rede Salvatoriana re\u00fanem-se para forma\u00e7\u00e3o"},"content":{"rendered":"<p class=\"MsoNormal\" style=\"text-align: justify; \">[imagem1]<\/p>\n<p class=\"MsoNormal\" style=\"text-align: justify; \"><\/p>\n<p class=\"MsoNormal\" style=\"text-align: justify; \">Buscando fortalecer a unidade da a&ccedil;&atilde;o pedag&oacute;gica das EscolasSalvatorianas, reuniram-se em Lages, de 12 a 14 deste m&ecirc;s, as equipes deDire&ccedil;&atilde;o, Coordena&ccedil;&otilde;es Pedag&oacute;gicas e Servi&ccedil;o de Orienta&ccedil;&atilde;o Educacional dasescolas da Rede.<\/p>\n<p class=\"MsoNormal\" style=\"text-align: justify; \"><\/p>\n<p class=\"MsoNormal\" style=\"text-align: justify; \">Durante o encontro, o grupo pode estudar e aprofundar oprocesso de avalia&ccedil;&atilde;o da aprendizagem, com vistas &agrave; elabora&ccedil;&atilde;o do Plano de A&ccedil;&atilde;oque tem como principal objetivo a cria&ccedil;&atilde;o de subs&iacute;dios para a reestrutura&ccedil;&atilde;o daconcep&ccedil;&atilde;o e sistem&aacute;tica de avalia&ccedil;&atilde;o.<\/p>\n<p class=\"MsoNormal\" style=\"text-align: justify; \"><\/p>\n<p class=\"MsoNormal\" style=\"text-align: justify; \">Marcado por momentos de reflex&atilde;o, integra&ccedil;&atilde;o e troca deexperi&ecirc;ncias, o encontro&nbsp; contou com aAssessoria da Pedagoga N&aacute;gila Cristina Hinckel&nbsp;que trabalhou o tema &ldquo;Avalia&ccedil;&atilde;o sob a &oacute;tica da Teoria da ModificabilidadeCognitiva Estrutural&rdquo;.<\/p>\n<p class=\"MsoNormal\" style=\"text-align: justify; \"><\/p>\n<p class=\"MsoNormal\" style=\"text-align: justify; \"><\/p>\n","protected":false},"excerpt":{"rendered":"<p>[imagem1] Buscando fortalecer a unidade da a&ccedil;&atilde;o pedag&oacute;gica das EscolasSalvatorianas, reuniram-se em Lages, de 12 a 14 deste m&ecirc;s, as equipes deDire&ccedil;&atilde;o, Coordena&ccedil;&otilde;es Pedag&oacute;gicas e Servi&ccedil;o de Orienta&ccedil;&atilde;o Educacional dasescolas da Rede. Durante&#8230;<\/p>\n","protected":false},"author":1,"featured_media":2103,"comment_status":"open","ping_status":"open","sticky":false,"template":"","format":"standard","meta":[],"categories":[1],"tags":[],"_links":{"self":[{"href":"https:\/\/www.salvatorianas.org.br\/blog\/wp-json\/wp\/v2\/posts\/1066"}],"collection":[{"href":"https:\/\/www.salvatorianas.org.br\/blog\/wp-json\/wp\/v2\/posts"}],"about":[{"href":"https:\/\/www.salvatorianas.org.br\/blog\/wp-json\/wp\/v2\/types\/post"}],"author":[{"embeddable":true,"href":"https:\/\/www.salvatorianas.org.br\/blog\/wp-json\/wp\/v2\/users\/1"}],"replies":[{"embeddable":true,"href":"https:\/\/www.salvatorianas.org.br\/blog\/wp-json\/wp\/v2\/comments?post=1066"}],"version-history":[{"count":0,"href":"https:\/\/www.salvatorianas.org.br\/blog\/wp-json\/wp\/v2\/posts\/1066\/revisions"}],"wp:featuredmedia":[{"embeddable":true,"href":"https:\/\/www.salvatorianas.org.br\/blog\/wp-json\/wp\/v2\/media\/2103"}],"wp:attachment":[{"href":"https:\/\/www.salvatorianas.org.br\/blog\/wp-json\/wp\/v2\/media?parent=1066"}],"wp:term":[{"taxonomy":"category","embeddable":true,"href":"https:\/\/www.salvatorianas.org.br\/blog\/wp-json\/wp\/v2\/categories?post=1066"},{"taxonomy":"post_tag","embeddable":true,"href":"https:\/\/www.salvatorianas.org.br\/blog\/wp-json\/wp\/v2\/tags?post=1066"}],"curies":[{"name":"wp","href":"https:\/\/api.w.org\/{rel}","templated":true}]}}