{"id":1064,"date":"2016-04-16T00:00:00","date_gmt":"2016-04-16T00:00:00","guid":{"rendered":"https:\/\/www.salvatorianas.org.br\/blog\/reflexao-essa-escuta-tao-dificil\/"},"modified":"2016-04-16T00:00:00","modified_gmt":"2016-04-16T00:00:00","slug":"reflexao-essa-escuta-tao-dificil","status":"publish","type":"post","link":"https:\/\/www.salvatorianas.org.br\/blog\/reflexao-essa-escuta-tao-dificil\/","title":{"rendered":"Reflex\u00e3o: ESSA &#8220;ESCUTA&#8221; T\u00c3O DIF\u00cdCIL&#8230;"},"content":{"rendered":"<p class=\"MsoNormal\" style=\"text-align:justify\">\n<p class=\"MsoNormal\" style=\"text-align: center; \"><span lang=\"PT\" style=\"font-size:11.0pt;mso-ansi-language:PT\">&ldquo;As minhas ovelhas escutam a minha voz, eu asconhe&ccedil;o e elas me seguem&rdquo;<\/span><\/p>\n<p class=\"MsoNormal\" style=\"text-align: center; \"><span lang=\"PT\" style=\"font-size:11.0pt;mso-ansi-language:PT\">&nbsp;(Jo 10,27)<\/span><\/p>\n<p class=\"MsoNormal\"><span lang=\"PT\" style=\"font-size:11.0pt;mso-ansi-language:PT\"><o:p>&nbsp;<\/o:p><\/span><\/p>\n<p class=\"MsoNormal\" style=\"text-align: justify;\"><span lang=\"PT\" style=\"font-size:11.0pt;mso-ansi-language:PT\">O espec&iacute;fico do <b>Tempo Pasca<\/b>l &eacute; deixar que osefeitos da Ressurrei&ccedil;&atilde;o se fa&ccedil;am palp&aacute;veis; em outras palavras, &eacute; permitir que,em nossa vida cotidiana, a ressurrei&ccedil;&atilde;o de Cristo refulja, afaste todaescurid&atilde;o e desperte a vida que estava atrofiada nos t&uacute;mulos do fracasso, daimpot&ecirc;ncia e do des&acirc;nimo.<\/span><\/p>\n<p class=\"MsoNormal\" style=\"text-align: justify;\"><span lang=\"PT\" style=\"font-size:11.0pt;mso-ansi-language:PT\"><br \/><\/span><\/p>\n<p class=\"MsoNormal\" style=\"text-align: justify;\"><span lang=\"PT\" style=\"font-size:11.0pt;mso-ansi-language:PT\">E essa experi&ecirc;ncia tem a ver mais com os <b>sentidos<\/b>que com a raz&atilde;o. Os <b>olhos<\/b>, agora cristificados, ficam assombrados diante daexplos&atilde;o de possibilidades, matizes e cores depois do rigor da quaresma.<\/span><\/p>\n<p class=\"MsoNormal\" style=\"text-align: justify;\"><span lang=\"PT\" style=\"font-size:11.0pt;mso-ansi-language:PT\"><br \/><\/span><\/p>\n<p class=\"MsoNormal\" style=\"text-align: justify;\"><span lang=\"PT\" style=\"font-size:11.0pt;mso-ansi-language:PT\">O Evangelho deste domingo nos motiva ressuscitartamb&eacute;m nossa capacidade de <b>escuta <\/b>para estar atentos &agrave; voz d&rsquo;Aquele que vive.Precisamos afastar a pedra da entrada dos ouvidos para escutar a sinfonia devida que, continuamente, faz seu recital ao nosso redor.<\/span><\/p>\n<p class=\"MsoNormal\" style=\"text-align: justify;\"><span lang=\"PT\" style=\"font-size:11.0pt;mso-ansi-language:PT\"><o:p>&nbsp;<\/o:p><\/span><\/p>\n<p class=\"MsoNormal\" style=\"text-align: justify;\"><span lang=\"PT\" style=\"font-size:11.0pt;mso-ansi-language:PT\">O convite &agrave; <b>escuta <\/b>nos interpela com for&ccedil;a desdeos primeiros tempos b&iacute;blicos; escuta como atitude de abertura &agrave; profundidade davida, de uma vida que tem sentido e que se abre a uma dimens&atilde;o transcendente,que entra em sintonia com Aquele que escuta e se faz escutar. Escutar comoatitude de f&eacute; e n&atilde;o como simples exerc&iacute;cio da capacidade de ouvir. Escutar &eacute;mais que ouvir.<\/span><\/p>\n<p class=\"MsoNormal\" style=\"text-align: justify;\"><span lang=\"PT\" style=\"font-size:11.0pt;mso-ansi-language:PT\"><br \/><\/span><\/p>\n<p class=\"MsoNormal\" style=\"text-align: justify;\"><span lang=\"PT\" style=\"font-size:11.0pt;mso-ansi-language:PT\">O ser humano &eacute; o &uacute;nico capaz de <b>escutar<\/b> e de<b>falar<\/b>, porque &eacute; o &uacute;nico criado &agrave; imagem e semelhan&ccedil;a d&rsquo;Aque-le que &eacute; a Palavracheia de verdade e a escuta cheia de amor. <\/span><\/p>\n<p class=\"MsoNormal\" style=\"text-align: justify;\"><span lang=\"PT\" style=\"font-size:11.0pt;mso-ansi-language:PT\"><br \/><\/span><\/p>\n<p class=\"MsoNormal\" style=\"text-align: justify;\"><span lang=\"PT\" style=\"font-size:11.0pt;mso-ansi-language:PT\">&ldquo;Escuta, Israel&hellip; amar&aacute;s&rdquo;. Escutar, abrir osouvidos&hellip; diz-se que Israel &eacute; o povo da escuta, em vez de ser o povo da vis&atilde;o(gregos). &Eacute; verdade que no deserto n&atilde;o h&aacute; nada para ver. Os olhos mal seajustam &agrave; luz&hellip; mas h&aacute; cantos de areia, vozes no vento, gemidos de animais,palavras por dentro, no interior&hellip; <\/span><\/p>\n<p class=\"MsoNormal\" style=\"text-align: justify;\"><span lang=\"PT\" style=\"font-size:11.0pt;mso-ansi-language:PT\"><br \/><\/span><\/p>\n<p class=\"MsoNormal\" style=\"text-align: justify;\"><span lang=\"PT\" style=\"font-size:11.0pt;mso-ansi-language:PT\">O povo que traz a Palavra de Deus &eacute; o povo daescuta. Portanto, o primeiro mandamento &eacute; <b>&ldquo;escutar&rdquo;<\/b>.<\/span><\/p>\n<p class=\"MsoNormal\" style=\"text-align: justify;\"><span lang=\"PT\" style=\"font-size:11.0pt;mso-ansi-language:PT\"><br \/><\/span><\/p>\n<p class=\"MsoNormal\" style=\"text-align: justify;\"><span lang=\"PT\" style=\"font-size:11.0pt;mso-ansi-language:PT\">&ldquo;Escuta&rdquo;, ou seja, atende &agrave; Voz, acolhe a Palavra.No fundo, isto quer dizer: n&atilde;o te feches, n&atilde;o fa&ccedil;as de tua vida um espa&ccedil;oisolado onde s&oacute; s&atilde;o escutadas tuas vozes e as vozes do mundo. Para al&eacute;m de tudoo que fazes e pensas, daquilo que desejas e podes, estende-se o vasto campo damanifesta&ccedil;&atilde;o de Deus; abrir-se &agrave; Sua voz, manter a aten&ccedil;&atilde;o acesa, ser receptivodiante de sua Palavra: esse &eacute; o princ&iacute;pio que plenifica e d&aacute; sentido &agrave;exist&ecirc;ncia.<\/span><\/p>\n<p class=\"MsoNormal\" style=\"text-align: justify;\"><span lang=\"PT\" style=\"font-size:11.0pt;mso-ansi-language:PT\"><br \/><\/span><\/p>\n<p class=\"MsoNormal\" style=\"text-align: justify;\"><span lang=\"PT\" style=\"font-size:11.0pt;mso-ansi-language:PT\">&Eacute; Deus que nos ensina a calar e a fazer sil&ecirc;nciopara n&atilde;o mais escutar a palavra que apequena e mata. Existe uma <b>palavra<\/b> queinforma, educa, ensina, apazigua, alegra, reconforta e edifica, mas tamb&eacute;m h&aacute;outra que confunde, obscurece, empobrece, entristece, quebra, divide&#8230;<\/span><\/p>\n<p class=\"MsoNormal\" style=\"text-align: justify;\"><span lang=\"PT\" style=\"font-size:11.0pt;mso-ansi-language:PT\">Existe uma palavra que vivifica e outra que mata.<\/span><\/p>\n<p class=\"MsoNormal\" style=\"text-align: justify;\"><span lang=\"PT\" style=\"font-size:11.0pt;mso-ansi-language:PT\"><br \/><\/span><\/p>\n<p class=\"MsoNormal\" style=\"text-align: justify;\"><span lang=\"PT\" style=\"font-size:11.0pt;mso-ansi-language:PT\">&Eacute; importante progredir pelo caminho do sil&ecirc;ncio,no qual nos educamos na escuta aut&ecirc;ntica, que &eacute; a &uacute;nica capaz de nos conduzirao puro amor. Porque o grau supremo da escuta &eacute; o sil&ecirc;ncio cheio de amor.<\/span><\/p>\n<p class=\"MsoNormal\" style=\"text-align: justify;\"><span lang=\"PT\" style=\"font-size:11.0pt;mso-ansi-language:PT\"><o:p>&nbsp;<\/o:p><\/span><\/p>\n<p class=\"MsoNormal\" style=\"text-align: justify;\"><span lang=\"PT\" style=\"font-size:11.0pt;mso-ansi-language:PT\">Diante da <b>voz do Bom Pastor<\/b> n&atilde;o se trata de sermosreceptivos a algumas ideias, ouvir determinados conceitos, mas de escutar com oouvido do cora&ccedil;&atilde;o, procurando captar a vida que pulsa no cora&ccedil;&atilde;o d&rsquo;Ele. Saberescutar, saborear o que Ele diz, entrar em comunh&atilde;o de sentimentos, deixar-seimpactar pelo seu modo de ser e de viver, suas op&ccedil;&otilde;es, suas rela&ccedil;&otilde;es com o Paie com os outros&#8230;<\/span><\/p>\n<p class=\"MsoNormal\" style=\"text-align: justify;\"><span lang=\"PT\" style=\"font-size:11.0pt;mso-ansi-language:PT\"><br \/><\/span><\/p>\n<p class=\"MsoNormal\" style=\"text-align: justify;\"><span lang=\"PT\" style=\"font-size:11.0pt;mso-ansi-language:PT\">E isto exige uma capacidade de escuta de n&oacute;smesmos e uma profundidade que possivelmente est&aacute; nos faltando, sobretudo seestivermos nos movendo na superficialidade da vida.<\/span><\/p>\n<p class=\"MsoNormal\" style=\"text-align: justify;\"><span lang=\"PT\" style=\"font-size:11.0pt;mso-ansi-language:PT\"><br \/><\/span><\/p>\n<p class=\"MsoNormal\" style=\"text-align: justify;\"><span lang=\"PT\" style=\"font-size:11.0pt;mso-ansi-language:PT\">A vida &eacute; a verdadeira escola para a aprendizagemda <b>escuta<\/b>. Por isso, escutar a voz do Pastor implica nos colocar no caminho daverdadeira e aut&ecirc;ntica humaniza&ccedil;&atilde;o. Da&iacute; a insist&ecirc;ncia em ter uma atitude abertae acolhedora de escuta.<\/span><\/p>\n<p class=\"MsoNormal\" style=\"text-align: justify;\"><span lang=\"PT\" style=\"font-size:11.0pt;mso-ansi-language:PT\"><br \/><\/span><\/p>\n<p class=\"MsoNormal\" style=\"text-align: justify;\"><span lang=\"PT\" style=\"font-size:11.0pt;mso-ansi-language:PT\">O ser humano p&oacute;s-moderno n&atilde;o poder&aacute; deixar ressoarem seu interior a voz do Pastor enquanto sua mente e seu cora&ccedil;&atilde;o estiverempetrificados no automatismo da vida. A conviv&ecirc;ncia se revela tensa, ansiosa,diante da aus&ecirc;ncia de saber escutar. Ser seguidor do Ressuscitado pede de n&oacute;sum novo ouvido para facilitar novas rela&ccedil;&otilde;es, a transforma&ccedil;&atilde;o social e aceitara nova vis&atilde;o da exist&ecirc;ncia humana.<\/span><\/p>\n<p class=\"MsoNormal\" style=\"text-align: justify;\"><span lang=\"PT\" style=\"font-size:11.0pt;mso-ansi-language:PT\"><br \/><\/span><\/p>\n<p class=\"MsoNormal\" style=\"text-align: justify;\"><span lang=\"PT\" style=\"font-size:11.0pt;mso-ansi-language:PT\"><b>Escutar<\/b> o &ldquo;mist&eacute;rio&rdquo; entranh&aacute;vel e sempre livre doPastor &eacute; o caminho para encontrar nossa originalidade, nosso nome, para nosencontrarmos n&rsquo;Ele, deixando-nos impregnar pelo seu &ldquo;modo de proceder&rdquo;; s&oacute;assim poderemos viver como &ldquo;ressuscitados&rdquo;.<\/span><\/p>\n<p class=\"MsoNormal\" style=\"text-align: justify;\"><span lang=\"PT\" style=\"font-size:11.0pt;mso-ansi-language:PT\"><o:p>&nbsp;<\/o:p><\/span><\/p>\n<p class=\"MsoNormal\" style=\"text-align: justify;\"><span lang=\"PT\" style=\"font-size:11.0pt;mso-ansi-language:PT\">Sem escuta profunda a vida se desumaniza e o serhumano se automatiza ego&iacute;sticamente.<\/span><\/p>\n<p class=\"MsoNormal\" style=\"text-align: justify;\"><span lang=\"PT\" style=\"font-size:11.0pt;mso-ansi-language:PT\">A escuta &eacute; o caminho da originalidade, &eacute; acondi&ccedil;&atilde;o para n&atilde;o se viver na in&eacute;rcia.<\/span><\/p>\n<p class=\"MsoNormal\" style=\"text-align: justify;\"><span lang=\"PT\" style=\"font-size:11.0pt;mso-ansi-language:PT\"><o:p>&nbsp;<\/o:p><\/span><\/p>\n<p class=\"MsoNormal\" style=\"text-align: justify;\"><span lang=\"PT\" style=\"font-size:11.0pt;mso-ansi-language:PT\">Custa-nos muito ter sempre uma atitude de escutareceptiva, sobretudo em nossa sociedade secularizada, globalizada,individualizada, informatizada ou tecnologizada. Tudo s&atilde;o aparelhos. Tudo s&atilde;oru&iacute;dos. Todo o mundo quer falar, expressar-se. Mas falta o interlocutor queescuta sabiamente.<\/span><\/p>\n<p class=\"MsoNormal\" style=\"text-align: justify;\"><span lang=\"PT\" style=\"font-size:11.0pt;mso-ansi-language:PT\"><br \/><\/span><\/p>\n<p class=\"MsoNormal\" style=\"text-align: justify;\"><span lang=\"PT\" style=\"font-size:11.0pt;mso-ansi-language:PT\">Rubem Alves, com seu fino humor, afirmou: &ldquo;Semprevejo anunciados cursos de orat&oacute;ria. Nunca vi anunciado curso de escutat&oacute;ria.Todo mundo quer aprender a falar. Ningu&eacute;m quer aprender a ouvir. Pensei emoferecer um curso de escutat&oacute;ria. Mas acho que ningu&eacute;m vai se matricular.Escutar &eacute; complicado e sutil&rdquo;.<\/span><\/p>\n<p class=\"MsoNormal\" style=\"text-align: justify;\"><span lang=\"PT\" style=\"font-size:11.0pt;mso-ansi-language:PT\"><br \/><\/span><\/p>\n<p class=\"MsoNormal\" style=\"text-align: justify;\"><span lang=\"PT\" style=\"font-size:11.0pt;mso-ansi-language:PT\">Escutar &eacute; uma arte dif&iacute;cil; aprender a escutarexige paci&ecirc;ncia e pr&aacute;tica; escutar requer liberar tempos e criar h&aacute;bitos:tempos para escavar significados e desmontar pr&eacute;-ju&iacute;zos; h&aacute;bitos para fazersil&ecirc;ncio e refletir sobre o escutado. O mais dif&iacute;cil n&atilde;o &eacute; aprender algo novo,mas desaprender algo antigo. Acontece o mesmo com a atitude de escutar: odif&iacute;cil n&atilde;o &eacute; ouvir, mas esvaziar-se o suficiente para que a palavra escutadaentre, ressoe e permane&ccedil;a. Escutar &eacute; uma arte que implica todos os sentidos,n&atilde;o s&oacute; os ouvidos: pede aten&ccedil;&atilde;o &agrave;s palavras, gestos, rea&ccedil;&otilde;es, sil&ecirc;ncios&#8230;;pede saber interpretar e ler entrelinhas; pede meditar e digerir o visto eouvido.<\/span><\/p>\n<p class=\"MsoNormal\" style=\"text-align: justify;\"><span lang=\"PT\" style=\"font-size:11.0pt;mso-ansi-language:PT\"><br \/><\/span><\/p>\n<p class=\"MsoNormal\" style=\"text-align: justify;\"><span lang=\"PT\" style=\"font-size:11.0pt;mso-ansi-language:PT\">Se muitas de nossas conversa&ccedil;&otilde;es soam vazias e,com frequ&ecirc;ncias, n&atilde;o conduzem a nenhum lugar, &eacute; porque n&atilde;o nos exercitamos paraser ouvintes.<\/span><\/p>\n<p class=\"MsoNormal\" style=\"text-align: justify;\"><span lang=\"PT\" style=\"font-size:11.0pt;mso-ansi-language:PT\"><br \/><\/span><\/p>\n<p class=\"MsoNormal\" style=\"text-align: justify;\"><span lang=\"PT\" style=\"font-size:11.0pt;mso-ansi-language:PT\">Devemos escutar com ouvidos de Deus a fim de quenos seja dado falar com a Palavra de Deus.<\/span><\/p>\n<p class=\"MsoNormal\" style=\"text-align: justify;\"><span lang=\"PT\" style=\"font-size:11.0pt;mso-ansi-language:PT\">S&oacute; quando prestamos aten&ccedil;&atilde;o a essa voz interior &eacute;que assumimos o sentido de nossa exist&ecirc;ncia. A busca do sentido da vida &eacute; umexerc&iacute;cio de escuta.<\/span><\/p>\n<p class=\"MsoNormal\" style=\"text-align: justify;\"><span lang=\"PT\" style=\"font-size:11.0pt;mso-ansi-language:PT\"><br \/><\/span><\/p>\n<p class=\"MsoNormal\" style=\"text-align: justify;\"><span lang=\"PT\" style=\"font-size:11.0pt;mso-ansi-language:PT\">S&oacute; quando escutamos atentamente esse chamado doPastor Ressuscitado que emerge de nosso interior &eacute; poss&iacute;vel perceber qual &eacute; amiss&atilde;o que devemos assumir ao longo da exist&ecirc;ncia: ser presen&ccedil;a de vida em meioa uma realidade marcada por tantas mortes.<\/span><\/p>\n<p class=\"MsoNormal\" style=\"text-align: justify;\"><span lang=\"PT\" style=\"font-size:11.0pt;mso-ansi-language:PT\"><o:p>&nbsp;<\/o:p><\/span><\/p>\n<p class=\"MsoNormal\" style=\"text-align: justify;\"><span lang=\"PT\" style=\"font-size:11.0pt;mso-ansi-language:PT\"><b>Texto b&iacute;blico:&nbsp;&nbsp;Jo 10,27-30<\/b><\/span><\/p>\n<p class=\"MsoNormal\" style=\"text-align: justify;\"><span lang=\"PT\" style=\"font-size:11.0pt;mso-ansi-language:PT\"><o:p>&nbsp;<\/o:p><\/span><\/p>\n<p class=\"MsoNormal\" style=\"text-align: justify;\"><span lang=\"PT\" style=\"font-size:11.0pt;mso-ansi-language:PT\"><b>Na ora&ccedil;&atilde;o: <\/b>Orar, na verdade, n&atilde;o &eacute;, em primeirolugar, falar com Deus; antes, &eacute; calar-se para escu-tar. Deus &eacute; uma presen&ccedil;a que&ldquo;ressoa&rdquo; em nosso interior e &agrave;s vezes faz brotar o canto, outras vezes olouvor, outras vezes a palavra prof&eacute;tica&hellip; Escutar faz-nos calar em todos ossentidos e, neste sil&ecirc;ncio, aprofundamos em n&oacute;s um desejo mais elevado.<\/span><\/p>\n<p class=\"MsoNormal\" style=\"text-align: justify;\"><span lang=\"PT\" style=\"font-size:11.0pt;mso-ansi-language:PT\">Invoque a luz sobre o sentido da audi&ccedil;&atilde;o que anatureza o quis vigilante; perceba toda a exulta&ccedil;&atilde;o em escutar as vozes danatureza e acolha as resson&acirc;ncias das palavras, dos hinos e das melodias com asquais &eacute; tecida a ora&ccedil;&atilde;o.<\/span><\/p>\n<\/p>\n<p class=\"MsoNormal\" style=\"text-align:justify\"><span lang=\"PT\"><br \/><\/span><\/p>\n<p class=\"MsoNormal\" style=\"text-align:justify\"><span lang=\"PT\">Por:&nbsp;<\/span><span style=\"line-height: 18.2px; background-color: rgb(254, 253, 250);\">Pe. Adroaldo Palaoro, sj<\/span><\/p>\n<p class=\"MsoNormal\" style=\"text-align:justify\"><span lang=\"PT\"><br \/><\/span><\/p>\n<p class=\"MsoNormal\" style=\"text-align:justify\"><span lang=\"PT\"><br \/><\/span><\/p>\n","protected":false},"excerpt":{"rendered":"<p>&ldquo;As minhas ovelhas escutam a minha voz, eu asconhe&ccedil;o e elas me seguem&rdquo; &nbsp;(Jo 10,27) &nbsp; O espec&iacute;fico do Tempo Pascal &eacute; deixar que osefeitos da Ressurrei&ccedil;&atilde;o se fa&ccedil;am palp&aacute;veis; em outras palavras,&#8230;<\/p>\n","protected":false},"author":1,"featured_media":1205,"comment_status":"open","ping_status":"open","sticky":false,"template":"","format":"standard","meta":[],"categories":[1],"tags":[],"_links":{"self":[{"href":"https:\/\/www.salvatorianas.org.br\/blog\/wp-json\/wp\/v2\/posts\/1064"}],"collection":[{"href":"https:\/\/www.salvatorianas.org.br\/blog\/wp-json\/wp\/v2\/posts"}],"about":[{"href":"https:\/\/www.salvatorianas.org.br\/blog\/wp-json\/wp\/v2\/types\/post"}],"author":[{"embeddable":true,"href":"https:\/\/www.salvatorianas.org.br\/blog\/wp-json\/wp\/v2\/users\/1"}],"replies":[{"embeddable":true,"href":"https:\/\/www.salvatorianas.org.br\/blog\/wp-json\/wp\/v2\/comments?post=1064"}],"version-history":[{"count":0,"href":"https:\/\/www.salvatorianas.org.br\/blog\/wp-json\/wp\/v2\/posts\/1064\/revisions"}],"wp:featuredmedia":[{"embeddable":true,"href":"https:\/\/www.salvatorianas.org.br\/blog\/wp-json\/wp\/v2\/media\/1205"}],"wp:attachment":[{"href":"https:\/\/www.salvatorianas.org.br\/blog\/wp-json\/wp\/v2\/media?parent=1064"}],"wp:term":[{"taxonomy":"category","embeddable":true,"href":"https:\/\/www.salvatorianas.org.br\/blog\/wp-json\/wp\/v2\/categories?post=1064"},{"taxonomy":"post_tag","embeddable":true,"href":"https:\/\/www.salvatorianas.org.br\/blog\/wp-json\/wp\/v2\/tags?post=1064"}],"curies":[{"name":"wp","href":"https:\/\/api.w.org\/{rel}","templated":true}]}}