{"id":1034,"date":"2016-05-04T00:00:00","date_gmt":"2016-05-04T00:00:00","guid":{"rendered":"https:\/\/www.salvatorianas.org.br\/blog\/semana-de-oracao-pela-unidade-dos-cristaos-reflete-sobre-situacoes-migratorias\/"},"modified":"2016-05-04T00:00:00","modified_gmt":"2016-05-04T00:00:00","slug":"semana-de-oracao-pela-unidade-dos-cristaos-reflete-sobre-situacoes-migratorias","status":"publish","type":"post","link":"https:\/\/www.salvatorianas.org.br\/blog\/semana-de-oracao-pela-unidade-dos-cristaos-reflete-sobre-situacoes-migratorias\/","title":{"rendered":"Semana de Ora\u00e7\u00e3o pela Unidade dos Crist\u00e3os reflete sobre situa\u00e7\u00f5es migrat\u00f3rias"},"content":{"rendered":"<p class=\"MsoNormal\" style=\"text-align:justify\">[imagem2]<\/p>\n<p class=\"MsoNormal\" style=\"text-align:justify\">O lema b&iacute;blico <b>&ldquo;Chamados echamadas para proclamar os altos feitos do Senhor&rdquo;<\/b> (1Pe2.9) inspira a Semana deOra&ccedil;&atilde;o pela Unidade Crist&atilde; 2016. Este ano, a atividade ocorrer&aacute;, no Brasil, de8 a 15 de maio e sugere reflex&atilde;o sobre a realidade migrat&oacute;ria no mundo. <\/p>\n<p class=\"MsoNormal\" style=\"text-align:justify\">A proposta foi elaborada pelomovimento ecum&ecirc;nico da Let&ocirc;nia e adaptado para o Brasil pelo MovimentoEcum&ecirc;nico de Curitiba (MOVEC). <\/p>\n<p class=\"MsoNormal\" style=\"text-align:justify\">A Semana de Ora&ccedil;&atilde;o pela Unidadedos Crist&atilde;os (SOUC) &eacute; promovida mundialmente pelo Conselho Pontif&iacute;cio paraUnidade dos Crist&atilde;os (CPUC) e pelo Conselho Mundial de Igrejas (CMI). NoBrasil, o Conselho Nacional de Igrejas Crist&atilde;s (Conic) coordena as iniciativaspara a celebra&ccedil;&atilde;o da Semana em diversos estados.<\/p>\n<p class=\"MsoNormal\" style=\"text-align:justify\">Na carta, por ocasi&atilde;o da SOUC2016, as igrejas crist&atilde;s recordam que o ano de 2015 foi caracterizado pelasondas migrat&oacute;rias. &ldquo;Tamb&eacute;m no in&iacute;cio deste ano, vimos, na Europa, migrantes erefugiados desesperados em busca de novas condi&ccedil;&otilde;es de vida. Seus pa&iacute;ses foramdestru&iacute;dos por guerras e cat&aacute;strofes ambientais&rdquo;.<\/p>\n<p class=\"MsoNormal\" style=\"text-align:justify\">Ao final, da mensagem, aslideran&ccedil;as expressam proximidade com os povos refugiados. &ldquo;Somos chamados echamadas a proclamar os altos feitos do Senhor! Que essa proclama&ccedil;&atilde;o se traduzaem posturas de di&aacute;logo, acolhida e respeito para com aquelas pessoas que v&ecirc;m aonosso pa&iacute;s em busca de novas oportunidades de vida&rdquo;. <\/p>\n<p class=\"MsoNormal\" style=\"text-align: left;\"><o:p>&nbsp;<\/o:p><\/p>\n<p class=\"MsoNormal\" style=\"text-align: left;\">Confira a &iacute;ntegra da carta:<\/p>\n<p class=\"MsoNormal\" style=\"text-align: center;\"><o:p>&nbsp;<\/o:p><\/p>\n<p class=\"MsoNormal\" style=\"text-align: center;\"><b>SOUC 2016: Carta das Igrejas<\/b><\/p>\n<p class=\"MsoNormal\" style=\"text-align: center;\"><o:p>&nbsp;<\/o:p><\/p>\n<p class=\"MsoNormal\" style=\"text-align: left;\">Queridas irm&atilde;s e irm&atilde;os dascomunidades crist&atilde;s brasileiras!<\/p>\n<p class=\"MsoNormal\" style=\"text-align:justify\">&ldquo;Chamados e chamadas paraproclamar os altos feitos do Senhor&rdquo; (1Pe2.9). Este &eacute; o lema b&iacute;blico queinspira a Semana de Ora&ccedil;&atilde;o pela Unidade Crist&atilde; 2016.<\/p>\n<p class=\"MsoNormal\" style=\"text-align:justify\">A Semana de Ora&ccedil;&atilde;o foi preparadapelas Igrejas da Let&ocirc;nia. Participaram diretamente do processo de elabora&ccedil;&atilde;o domaterial as Igrejas: Cat&oacute;lica Apost&oacute;lica Romana, Luterana, Ortodoxa e Batista. <\/p>\n<p class=\"MsoNormal\" style=\"text-align:justify\">O povo let&atilde;o, no final do s&eacute;culoXIX e primeira metade do s&eacute;culo XX, foi obrigado a migrar por ocasi&atilde;o daocupa&ccedil;&atilde;o russa. Parte dessa migra&ccedil;&atilde;o ocorreu por causa da persegui&ccedil;&atilde;oreligiosa. A Let&ocirc;nia foi submissa aos czares, que tentaram impor a religi&atilde;ooficial como express&atilde;o de f&eacute;. As pessoas de outras express&otilde;es religiosas, entreelas Juda&iacute;smo, Cristianismo (catolicismo e protestantismo) e o Isl&atilde;, foramperseguidas.<\/p>\n<p class=\"MsoNormal\" style=\"text-align:justify\">Essa realidade mudou com o passardo tempo. Hoje, a Let&ocirc;nia &eacute; bem diferente. &Eacute; poss&iacute;vel o conv&iacute;vio entrediferentes express&otilde;es de f&eacute;. A realiza&ccedil;&atilde;o e prepara&ccedil;&atilde;o da Semana de Ora&ccedil;&atilde;o pelaUnidade &eacute; o exemplo concreto disso. <\/p>\n<p class=\"MsoNormal\" style=\"text-align:justify\">Nossos irm&atilde;os e nossas irm&atilde;s daLet&ocirc;nia escolheram o texto do ap&oacute;stolo Pedro, que lembra que n&oacute;s, pessoasbatizadas, somos &ldquo;chamados e chamadas a proclamar os altos feitos do Senhor&rdquo;.Proclamar os altos feitos de Deus significa n&atilde;o esquecermos a perspectiva deque atrav&eacute;s do Batismo que somos declarados filhos e filhas de Deus. O Batismojamais deve ser banalizado. Ele &eacute; um sacramento que nos apresenta o desafiopermanente de praticarmos e proclamarmos o amor gratuito de Deus pelahumanidade. Uma das formas de proclamar esse amor &eacute; assumindo posturas dedi&aacute;logo e de acolhida, em especial, com as pessoas que s&atilde;o diferentes de n&oacute;s:de outras igrejas, religi&otilde;es e culturas.<\/p>\n<p class=\"MsoNormal\" style=\"text-align:justify\">O ano de 2015 foi caracterizadopelas ondas migrat&oacute;rias. Tamb&eacute;m no in&iacute;cio deste ano, vimos, na Europa,migrantes e refugiados desesperados em busca de novas condi&ccedil;&otilde;es de vida. Seuspa&iacute;ses foram destru&iacute;dos por guerras e cat&aacute;strofes ambientais. Alguns pa&iacute;sesoptaram por fechar suas fronteiras para evitar a entrada de migrantes. Outrosest&atilde;o pensando nessa possibilidade. <\/p>\n<p class=\"MsoNormal\" style=\"text-align:justify\">No Brasil, a situa&ccedil;&atilde;o n&atilde;o &eacute; t&atilde;odram&aacute;tica como &eacute; na Europa. Mas tamb&eacute;m aqui aumentou o n&uacute;mero de pessoasmigrantes e refugiadas. Muitas delas buscam o nosso pa&iacute;s na esperan&ccedil;a deencontrar amparo e resgatar a dignidade de vida. Infelizmente, no ano de 2015,alguns migrantes foram agredidos e sofreram preconceito. Atitudes racistas epreconceituosas n&atilde;o s&atilde;o coerentes com os altos feitos de Deus. Tamb&eacute;m &eacute;oportuno lembrar que &eacute; expressivo o n&uacute;mero de grupos &eacute;tnicos que, em temposidos, vieram ao Brasil por raz&otilde;es de fome e guerra, aqui encontrando acolhida eamparo.<\/p>\n<p class=\"MsoNormal\" style=\"text-align:justify\">O Batismo nos conclama aorespeito pelo migrante. Mais do que tolerantes, precisamos ser respeitosos. Atoler&acirc;ncia deveria ser uma convic&ccedil;&atilde;o passageira. Ela deveria conduzir aoreconhecimento do direito &agrave; dignidade que &eacute; inerente a cada ser humano. <\/p>\n<p class=\"MsoNormal\" style=\"text-align:justify\">Somos chamados e chamadas aproclamar os altos feitos do Senhor! Que essa proclama&ccedil;&atilde;o se traduza emposturas de di&aacute;logo, acolhida e respeito para com aquelas pessoas que v&ecirc;m aonosso pa&iacute;s em busca de novas oportunidades de vida. <\/p>\n<p class=\"MsoNormal\" style=\"text-align:justify\">Que nossas Igrejas sejammotivadas para esse testemunho permanente de acolhida!<\/p>\n<p class=\"MsoNormal\" style=\"text-align:justify\">Na unidade de Cristo,<\/p>\n<p class=\"MsoNormal\" style=\"text-align: center;\"><b>Dom Leonardo Ulrich Steiner<\/b><\/p>\n<p class=\"MsoNormal\" style=\"text-align: center;\">Secret&aacute;rio Geral da Confer&ecirc;nciaNacional dos Bispos do Brasil<\/p>\n<p class=\"MsoNormal\" style=\"text-align: center;\">\n<p class=\"MsoNormal\" style=\"text-align: center;\"><o:p>&nbsp;<\/o:p><\/p>\n<p class=\"MsoNormal\" style=\"text-align: center;\"><o:p>&nbsp;<\/o:p><\/p>\n<p class=\"MsoNormal\" style=\"text-align: center;\"><b>Pastor Dr. Nestor Paulo Friedrich<\/b><\/p>\n<p class=\"MsoNormal\" style=\"text-align: center;\">Pastor Presidente da IgrejaEvang&eacute;lica de Confiss&atilde;o Luterana no Brasil<\/p>\n<p class=\"MsoNormal\" style=\"text-align: center;\">\n<p class=\"MsoNormal\" style=\"text-align: center;\"><o:p>&nbsp;<\/o:p><\/p>\n<p class=\"MsoNormal\" style=\"text-align: center;\">&nbsp;<\/p>\n<p class=\"MsoNormal\" style=\"text-align: center;\"><b>Dom Francisco de Assis da Silva<\/b><\/p>\n<p class=\"MsoNormal\" style=\"text-align: center;\">\n<p class=\"MsoNormal\" style=\"text-align: center;\">Bispo Primaz da Igreja EpiscopalAnglicana do Brasil<\/p>\n<p class=\"MsoNormal\" style=\"text-align: center;\">\n<p class=\"MsoNormal\" style=\"text-align: center;\"><o:p>&nbsp;<\/o:p><\/p>\n<p class=\"MsoNormal\" style=\"text-align: center;\"><o:p>&nbsp;<\/o:p><\/p>\n<p class=\"MsoNormal\" style=\"text-align: center;\"><b>Presb&iacute;tero Wertson Brasil deSouza<\/b><\/p>\n<p class=\"MsoNormal\" style=\"text-align: center;\">Moderador da Igreja PresbiterianaUnida do Brasil<\/p>\n<p class=\"MsoNormal\" style=\"text-align: center;\">\n<p class=\"MsoNormal\" style=\"text-align: center;\"><o:p>&nbsp;<\/o:p><\/p>\n<p class=\"MsoNormal\" style=\"text-align: center;\"><o:p>&nbsp;<\/o:p><\/p>\n<p class=\"MsoNormal\" style=\"text-align: center;\"><b>Dom Paulo Titus<\/b><\/p>\n<p class=\"MsoNormal\" style=\"text-align: center;\"><o:p>&nbsp;<\/o:p><span style=\"font-family: Calibri, sans-serif; font-size: 11pt; line-height: 115%;\">Arcebispo da Igreja<\/span><\/p>\n<p class=\"MsoNormal\" style=\"text-align: center;\"><span style=\"font-family: Calibri, sans-serif; font-size: 11pt; line-height: 115%;\"><br \/><\/span><\/p>\n<p class=\"MsoNormal\" style=\"text-align: justify;\"><\/p>\n<p class=\"MsoNormal\" style=\"text-align: justify;\"><\/p>\n","protected":false},"excerpt":{"rendered":"<p>[imagem2] O lema b&iacute;blico &ldquo;Chamados echamadas para proclamar os altos feitos do Senhor&rdquo; (1Pe2.9) inspira a Semana deOra&ccedil;&atilde;o pela Unidade Crist&atilde; 2016. Este ano, a atividade ocorrer&aacute;, no Brasil, de8 a 15 de&#8230;<\/p>\n","protected":false},"author":1,"featured_media":1171,"comment_status":"open","ping_status":"open","sticky":false,"template":"","format":"standard","meta":[],"categories":[1],"tags":[],"_links":{"self":[{"href":"https:\/\/www.salvatorianas.org.br\/blog\/wp-json\/wp\/v2\/posts\/1034"}],"collection":[{"href":"https:\/\/www.salvatorianas.org.br\/blog\/wp-json\/wp\/v2\/posts"}],"about":[{"href":"https:\/\/www.salvatorianas.org.br\/blog\/wp-json\/wp\/v2\/types\/post"}],"author":[{"embeddable":true,"href":"https:\/\/www.salvatorianas.org.br\/blog\/wp-json\/wp\/v2\/users\/1"}],"replies":[{"embeddable":true,"href":"https:\/\/www.salvatorianas.org.br\/blog\/wp-json\/wp\/v2\/comments?post=1034"}],"version-history":[{"count":0,"href":"https:\/\/www.salvatorianas.org.br\/blog\/wp-json\/wp\/v2\/posts\/1034\/revisions"}],"wp:featuredmedia":[{"embeddable":true,"href":"https:\/\/www.salvatorianas.org.br\/blog\/wp-json\/wp\/v2\/media\/1171"}],"wp:attachment":[{"href":"https:\/\/www.salvatorianas.org.br\/blog\/wp-json\/wp\/v2\/media?parent=1034"}],"wp:term":[{"taxonomy":"category","embeddable":true,"href":"https:\/\/www.salvatorianas.org.br\/blog\/wp-json\/wp\/v2\/categories?post=1034"},{"taxonomy":"post_tag","embeddable":true,"href":"https:\/\/www.salvatorianas.org.br\/blog\/wp-json\/wp\/v2\/tags?post=1034"}],"curies":[{"name":"wp","href":"https:\/\/api.w.org\/{rel}","templated":true}]}}