{"id":1028,"date":"2016-05-06T00:00:00","date_gmt":"2016-05-06T00:00:00","guid":{"rendered":"https:\/\/www.salvatorianas.org.br\/blog\/arquidiocese-de-beira-em-mocambique-promove-semana-missionaria-da-misericordia\/"},"modified":"2016-05-06T00:00:00","modified_gmt":"2016-05-06T00:00:00","slug":"arquidiocese-de-beira-em-mocambique-promove-semana-missionaria-da-misericordia","status":"publish","type":"post","link":"https:\/\/www.salvatorianas.org.br\/blog\/arquidiocese-de-beira-em-mocambique-promove-semana-missionaria-da-misericordia\/","title":{"rendered":"Arquidiocese de Beira, em Mo\u00e7ambique, promove Semana Mission\u00e1ria da Miseric\u00f3rdia"},"content":{"rendered":"<p class=\"yiv1606330656msonormal\" style=\"margin:0cm;margin-bottom:.0001pt;text-align:justify;background:white\"><span lang=\"PT\" style=\"font-size: 10pt; font-family: 'Segoe UI', sans-serif;\">[imagem1]<\/span><\/p>\n<p class=\"yiv1606330656msonormal\" style=\"margin:0cm;margin-bottom:.0001pt;text-align:justify;background:white\"><span lang=\"PT\" style=\"font-size: 10pt; font-family: 'Segoe UI', sans-serif;\"><br \/><\/span><\/p>\n<p class=\"yiv1606330656msonormal\" style=\"margin:0cm;margin-bottom:.0001pt;text-align:justify;background:white\"><span style=\"font-family: 'Segoe UI', sans-serif; font-size: 13.3333px;\">A fim de vivenciar o Ano Santo da Miseric&oacute;rdia, a Arquidiocese de Beira, em Mo&ccedil;ambique, realizou diversas a&ccedil;&otilde;es. Uma<\/span><span style=\"font-family: 'Segoe UI', sans-serif; font-size: 13.3333px; -webkit-padding-start: 0px;\">&nbsp;<\/span><span style=\"font-family: 'Segoe UI', sans-serif; font-size: 13.3333px;\">delas &eacute; a&nbsp;<\/span><b style=\"font-family: 'Segoe UI', sans-serif; font-size: 13.3333px;\">Semana Mission&aacute;ria da Miseric&oacute;rdia,<\/b><span style=\"font-family: 'Segoe UI', sans-serif; font-size: 13.3333px;\">&nbsp;que &eacute; realizada nas regi&otilde;es pastorais e em cada par&oacute;quia onde desenvolvem-se muitas atividades, como: visita aos doentes com b&ecirc;n&ccedil;&atilde;o; atendimento com confiss&otilde;es; palestra\/forma&ccedil;&otilde;es aos casais, aos jovens, aos movimentos sociais, as crian&ccedil;as; vig&iacute;lias com adora&ccedil;&atilde;o e celebra&ccedil;&otilde;es nas pequenas comunidades crist&atilde;s.<\/span><\/p>\n<p class=\"yiv1606330656msonormal\" style=\"margin:0cm;margin-bottom:.0001pt;text-align:justify;background:white\"><span lang=\"PT\" style=\"font-size: 10pt; font-family: 'Segoe UI', sans-serif;\"><o:p>&nbsp;<\/o:p><\/span><\/p>\n<p class=\"yiv1606330656msonormal\" style=\"margin:0cm;margin-bottom:.0001pt;text-align:justify;background:white\"><span lang=\"PT\" style=\"font-size: 10pt; font-family: 'Segoe UI', sans-serif;\">Paraencerrar a Semana Mission&aacute;ria da Miseric&oacute;rdia, rezou-se uma missa de a&ccedil;&atilde;o degra&ccedil;as em cada par&oacute;quia, e no &acirc;mbito regional, em que os crist&atilde;os no momento do ofert&oacute;rio &eacute; convidado a fazer sua &#8220;obra demiseric&oacute;rdia diocesana&rdquo; <b>de dar de bebera quem tem sede<\/b>, abrindo po&ccedil;os de &aacute;gua e recuperando outros que est&atilde;odanificados, assim como oferta de alimentos e roupas aos mais pobres. <\/span><\/p>\n<p class=\"yiv1606330656msonormal\" style=\"margin:0cm;margin-bottom:.0001pt;text-align:justify;background:white\"><span lang=\"PT\" style=\"font-size: 10pt; font-family: 'Segoe UI', sans-serif;\"><o:p>&nbsp;<\/o:p><\/span><\/p>\n<p class=\"yiv1606330656msonormal\" style=\"margin:0cm;margin-bottom:.0001pt;text-align:justify;background:white\"><span lang=\"PT\" style=\"font-size: 10pt; font-family: 'Segoe UI', sans-serif;\">AComunidade de Forma&ccedil;&atilde;o Salvatoriana participou ativamente colaborando naPar&oacute;quia Bom Pastor de Mafambissi de 25 a 30 de abril. Essa semana para todasas Irm&atilde;s, formandas salvatorianas foi muito significativa e enriquecedora, poispossibilitou cada uma ajudar, orientar e ser presen&ccedil;a salvadora junto a quemmais precisa.<\/span><span style=\"font-size: 10pt; font-family: 'Segoe UI', sans-serif;\"><\/span><\/p>\n<p class=\"yiv1606330656msonormal\" style=\"margin:0cm;margin-bottom:.0001pt;text-align:justify;background:white\"><span lang=\"PT\" style=\"font-size: 10pt; font-family: 'Segoe UI', sans-serif;\"><br \/><\/span><\/p>\n<p class=\"yiv1606330656msonormal\" style=\"margin:0cm;margin-bottom:.0001pt;text-align:justify;background:white\"><span lang=\"PT\" style=\"font-size: 10pt; font-family: 'Segoe UI', sans-serif;\"><br \/><\/span><\/p>\n<p><span style=\"-webkit-padding-start: 0px\" id=\"yui_3_16_0_ym19_1_1462623280322_4348\"><\/span><\/p>\n","protected":false},"excerpt":{"rendered":"<p>[imagem1] A fim de vivenciar o Ano Santo da Miseric&oacute;rdia, a Arquidiocese de Beira, em Mo&ccedil;ambique, realizou diversas a&ccedil;&otilde;es. Uma&nbsp;delas &eacute; a&nbsp;Semana Mission&aacute;ria da Miseric&oacute;rdia,&nbsp;que &eacute; realizada nas regi&otilde;es pastorais e em cada&#8230;<\/p>\n","protected":false},"author":1,"featured_media":1168,"comment_status":"open","ping_status":"open","sticky":false,"template":"","format":"standard","meta":[],"categories":[1],"tags":[],"_links":{"self":[{"href":"https:\/\/www.salvatorianas.org.br\/blog\/wp-json\/wp\/v2\/posts\/1028"}],"collection":[{"href":"https:\/\/www.salvatorianas.org.br\/blog\/wp-json\/wp\/v2\/posts"}],"about":[{"href":"https:\/\/www.salvatorianas.org.br\/blog\/wp-json\/wp\/v2\/types\/post"}],"author":[{"embeddable":true,"href":"https:\/\/www.salvatorianas.org.br\/blog\/wp-json\/wp\/v2\/users\/1"}],"replies":[{"embeddable":true,"href":"https:\/\/www.salvatorianas.org.br\/blog\/wp-json\/wp\/v2\/comments?post=1028"}],"version-history":[{"count":0,"href":"https:\/\/www.salvatorianas.org.br\/blog\/wp-json\/wp\/v2\/posts\/1028\/revisions"}],"wp:featuredmedia":[{"embeddable":true,"href":"https:\/\/www.salvatorianas.org.br\/blog\/wp-json\/wp\/v2\/media\/1168"}],"wp:attachment":[{"href":"https:\/\/www.salvatorianas.org.br\/blog\/wp-json\/wp\/v2\/media?parent=1028"}],"wp:term":[{"taxonomy":"category","embeddable":true,"href":"https:\/\/www.salvatorianas.org.br\/blog\/wp-json\/wp\/v2\/categories?post=1028"},{"taxonomy":"post_tag","embeddable":true,"href":"https:\/\/www.salvatorianas.org.br\/blog\/wp-json\/wp\/v2\/tags?post=1028"}],"curies":[{"name":"wp","href":"https:\/\/api.w.org\/{rel}","templated":true}]}}