{"id":1022,"date":"2016-05-09T00:00:00","date_gmt":"2016-05-09T00:00:00","guid":{"rendered":"https:\/\/www.salvatorianas.org.br\/blog\/papa-o-espirito-santo-nos-torna-cristaos-reais-e-nao-virtuais\/"},"modified":"2016-05-09T00:00:00","modified_gmt":"2016-05-09T00:00:00","slug":"papa-o-espirito-santo-nos-torna-cristaos-reais-e-nao-virtuais","status":"publish","type":"post","link":"https:\/\/www.salvatorianas.org.br\/blog\/papa-o-espirito-santo-nos-torna-cristaos-reais-e-nao-virtuais\/","title":{"rendered":"Papa: O Esp\u00edrito Santo nos torna crist\u00e3os reais e n\u00e3o virtuais"},"content":{"rendered":"<p class=\"MsoNormal\" style=\"text-align:justify\">&ldquo;O Esp&iacute;rito Santo nos tornacrist&atilde;os reais e n&atilde;o virtuais&rdquo;, disse o Papa na missa celebrada na manh&atilde; destasegunda-feira, (09\/05). Francisco dirigiu ainda um pensamento especial &agrave;s religiosasvicentinas que trabalham na Casa Santa Marta, no dia da festa lit&uacute;rgica dafundadora da Companhia, Santa Lu&iacute;sa de Marillac.<\/p>\n<p class=\"MsoNormal\" style=\"text-align:justify\">O Pont&iacute;fice exortou os fi&eacute;is a sedeixarem guiar pelo Esp&iacute;rito Santo, que nos ensina o caminho da verdade. &#8216;Nemsequer ouvimos dizer que existe o Esp&iacute;rito Santo&#8217;, disse o Papa comentando odi&aacute;logo entre Paulo e os alguns disc&iacute;pulos, em &Eacute;feso, para se deter na presen&ccedil;ado Esp&iacute;rito Santo na vida dos crist&atilde;os. &ldquo;Tamb&eacute;m hoje acontece como aconteceuaos disc&iacute;pulos que, mesmo crendo em Jesus, n&atilde;o sabiam quem era o Esp&iacute;ritoSanto&rdquo;, frisou Francisco. <\/p>\n<p class=\"MsoNormal\" style=\"text-align:justify\">&ldquo;Muitas pessoas dizem queaprenderam no catecismo que o Esp&iacute;rito Santo est&aacute; na Trindade e n&atilde;o sabem maisnada al&eacute;m disso&rdquo;, e se perguntam o que faz:<\/p>\n<p class=\"MsoNormal\" style=\"text-align:justify\"><b>N&atilde;o mais &oacute;rf&atilde;os<\/b><\/p>\n<p class=\"MsoNormal\" style=\"text-align:justify\"><b><br \/><\/b><\/p>\n<p class=\"MsoNormal\" style=\"text-align:justify\">&ldquo;O Esp&iacute;rito Santo &eacute; aquele quemove a Igreja. &Eacute; aquele que trabalha na Igreja, em nossos cora&ccedil;&otilde;es. Ele faz decada crist&atilde;o uma pessoa diferente da outra, e de todos juntos faz a unidade. OEsp&iacute;rito Santo &eacute; aquele que leva adiante, escancara as portas e convida atestemunhar Jesus. Ouvimos no in&iacute;cio da missa: &lsquo;Receber&atilde;o o Esp&iacute;rito Santo eser&atilde;o minhas testemunhas no mundo&rsquo;. O Esp&iacute;rito Santo &eacute; aquele que nosimpulsiona a louvar a Deus, nos induz a rezar: &lsquo;Ele reza, em n&oacute;s&rsquo;. O Esp&iacute;ritoSanto &eacute; aquele que est&aacute; em n&oacute;s e nos ensina a olhar para o Pai e dizer-lhe:Pai. Ele nos liberta da condi&ccedil;&atilde;o de &oacute;rf&atilde;o para a qual o esp&iacute;rito do mundo quernos conduzir.&rdquo;<\/p>\n<p class=\"MsoNormal\" style=\"text-align:justify\">&ldquo;O Esp&iacute;rito Santo &eacute; oprotagonista da Igreja viva. &Eacute; aquele que trabalha na Igreja&rdquo;, frisou aindaFrancisco. Por&eacute;m, &ldquo;quando n&atilde;o vivemos isso, quando n&atilde;o estamos &agrave; altura dessamiss&atilde;o do Esp&iacute;rito Santo, a f&eacute; corre o risco de se reduzir a uma moral ou uma&eacute;tica&rdquo;. N&atilde;o devemos nos deter em cumprir os Mandamentos e &ldquo;nada mais&rdquo;: &ldquo;Issopode ser feito, isso n&atilde;o; at&eacute; aqui sim, at&eacute; l&aacute; n&atilde;o! Dali se chega &agrave; casu&iacute;sticae a uma moral fria&rdquo;. <\/p>\n<p class=\"MsoNormal\" style=\"text-align:justify\"><b>N&atilde;o tornar o Esp&iacute;rito Santo &ldquo;prisioneiro de luxo&rdquo;<\/b><\/p>\n<p class=\"MsoNormal\" style=\"text-align:justify\"><b><br \/><\/b><\/p>\n<p class=\"MsoNormal\" style=\"text-align:justify\">A vida crist&atilde;, reiterouFrancisco, &ldquo;n&atilde;o &eacute; uma &eacute;tica: &eacute; um encontro com Jesus Cristo&rdquo;. E &eacute; o pr&oacute;prioEsp&iacute;rito Santo que &ldquo;me leva a este encontro com Jesus Cristo&rdquo;:<\/p>\n<p class=\"MsoNormal\" style=\"text-align:justify\">&ldquo;Mas n&oacute;s, em nossas vidas, temosem nossos cora&ccedil;&otilde;es o Esp&iacute;rito Santo como um &lsquo;prisioneiro de luxo&rsquo;: n&atilde;o deixamosque ele nos impulsione, n&atilde;o deixamos que nos movimente. Ele faz tudo, sabetudo, sabe nos lembrar o que Jesus disse, sabe nos explicar as coisas de Jesus.Somente uma coisa o Esp&iacute;rito Santo n&atilde;o sabe fazer: &#8216;crist&atilde;os de sal&atilde;o&#8217;. Istoele n&atilde;o sabe fazer! Ele n&atilde;o sabe fazer &#8216;crist&atilde;os virtuais&#8217;. Ele faz crist&atilde;osreais, Ele assume a vida real como ela &eacute;, com a profecia de ler os sinais dostempos e assim nos levar avante. &Eacute; o maior prisioneiro do nosso cora&ccedil;&atilde;o. N&oacute;sdizemos: &lsquo;&Eacute; a terceira Pessoa da Trindade e acabamos ali&#8230;&#8221;.<\/p>\n<p class=\"MsoNormal\" style=\"text-align:justify\"><b>Refletir sobre o que o Esp&iacute;rito Santo faz em nossas vidas<\/b><\/p>\n<p class=\"MsoNormal\" style=\"text-align:justify\"><b><br \/><\/b><\/p>\n<p class=\"MsoNormal\" style=\"text-align:justify\">Esta semana, acrescentou o Papa,&ldquo;nos far&aacute; bem refletir sobre o que o Esp&iacute;rito Santo faz em nossa vida&rdquo; eperguntar-se se &ldquo;ele nos ensinou o caminho da liberdade&rdquo;. O Esp&iacute;rito Santo, quehabita em mim, continuou Francisco, &ldquo;pede-me para sair: tenho medo? Como &eacute; aminha coragem, que o Esp&iacute;rito Santo me d&aacute; para sair de mim mesmo, para dartestemunho de Jesus?&rdquo; E ainda: &ldquo;Como est&aacute; a minha paci&ecirc;ncia nas prova&ccedil;&otilde;es?Porque o Esp&iacute;rito Santo tamb&eacute;m d&aacute; a paci&ecirc;ncia&rdquo;:<\/p>\n<p class=\"MsoNormal\" style=\"text-align:justify\">&ldquo;Nesta semana de prepara&ccedil;&atilde;o paraa Festa de Pentecostes pensemos: &ldquo;Realmente eu acredito ou &eacute; uma palavra, paramim, o Esp&iacute;rito Santo?&rsquo;. E procuremos falar com ele e dizer: &ldquo;Eu sei que est&aacute;sno meu cora&ccedil;&atilde;o, que est&aacute;s no cora&ccedil;&atilde;o da Igreja, que levas adiante a Igreja, quefazes a unidade entre n&oacute;s, mas diferentes entre n&oacute;s, na diversidade de todosn&oacute;s&rdquo;&#8230; diga-lhe todas essas coisas e pe&ccedil;a a gra&ccedil;a de aprender&#8230; maspraticamente na minha vida, o que Ele faz. &Eacute; a gra&ccedil;a da docilidade para comEle: ser d&oacute;cil ao Esp&iacute;rito Santo. Esta semana vamos fazer isso: pensemos noEsp&iacute;rito Santo, e falemos com ele&rdquo;.<\/p>\n<p class=\"MsoNormal\" style=\"text-align:justify\">Fonte: R&aacute;dio Vaticano<\/p>\n","protected":false},"excerpt":{"rendered":"<p>&ldquo;O Esp&iacute;rito Santo nos tornacrist&atilde;os reais e n&atilde;o virtuais&rdquo;, disse o Papa na missa celebrada na manh&atilde; destasegunda-feira, (09\/05). Francisco dirigiu ainda um pensamento especial &agrave;s religiosasvicentinas que trabalham na Casa Santa Marta,&#8230;<\/p>\n","protected":false},"author":1,"featured_media":1156,"comment_status":"open","ping_status":"open","sticky":false,"template":"","format":"standard","meta":[],"categories":[1],"tags":[],"_links":{"self":[{"href":"https:\/\/www.salvatorianas.org.br\/blog\/wp-json\/wp\/v2\/posts\/1022"}],"collection":[{"href":"https:\/\/www.salvatorianas.org.br\/blog\/wp-json\/wp\/v2\/posts"}],"about":[{"href":"https:\/\/www.salvatorianas.org.br\/blog\/wp-json\/wp\/v2\/types\/post"}],"author":[{"embeddable":true,"href":"https:\/\/www.salvatorianas.org.br\/blog\/wp-json\/wp\/v2\/users\/1"}],"replies":[{"embeddable":true,"href":"https:\/\/www.salvatorianas.org.br\/blog\/wp-json\/wp\/v2\/comments?post=1022"}],"version-history":[{"count":0,"href":"https:\/\/www.salvatorianas.org.br\/blog\/wp-json\/wp\/v2\/posts\/1022\/revisions"}],"wp:featuredmedia":[{"embeddable":true,"href":"https:\/\/www.salvatorianas.org.br\/blog\/wp-json\/wp\/v2\/media\/1156"}],"wp:attachment":[{"href":"https:\/\/www.salvatorianas.org.br\/blog\/wp-json\/wp\/v2\/media?parent=1022"}],"wp:term":[{"taxonomy":"category","embeddable":true,"href":"https:\/\/www.salvatorianas.org.br\/blog\/wp-json\/wp\/v2\/categories?post=1022"},{"taxonomy":"post_tag","embeddable":true,"href":"https:\/\/www.salvatorianas.org.br\/blog\/wp-json\/wp\/v2\/tags?post=1022"}],"curies":[{"name":"wp","href":"https:\/\/api.w.org\/{rel}","templated":true}]}}