{"id":1015,"date":"2016-05-15T00:00:00","date_gmt":"2016-05-15T00:00:00","guid":{"rendered":"https:\/\/www.salvatorianas.org.br\/blog\/papa-em-pentecostes-filiacao-divina-e-nossa-vocacao-nosso-dna\/"},"modified":"2016-05-15T00:00:00","modified_gmt":"2016-05-15T00:00:00","slug":"papa-em-pentecostes-filiacao-divina-e-nossa-vocacao-nosso-dna","status":"publish","type":"post","link":"https:\/\/www.salvatorianas.org.br\/blog\/papa-em-pentecostes-filiacao-divina-e-nossa-vocacao-nosso-dna\/","title":{"rendered":"Papa em Pentecostes: filia\u00e7\u00e3o divina \u00e9 nossa voca\u00e7\u00e3o, nosso DNA"},"content":{"rendered":"<p class=\"MsoNormal\" style=\"text-align:justify\">&#8220;Toda a obra da salva&ccedil;&atilde;o &eacute;uma obra de regenera&ccedil;&atilde;o, na qual a paternidade de Deus, por meio do dom doFilho e do Esp&iacute;rito, nos liberta da orfandade em que ca&iacute;ramos&#8221;. N&oacute;s n&atilde;osomos mais &oacute;rf&atilde;os, somos filhos, este &eacute; o nosso &ldquo;DNA&rdquo;. E como filhos,pertencemos a uma &#8220;&uacute;nica paternidade e fraternidade&#8221;.<\/p>\n<p class=\"MsoNormal\" style=\"text-align:justify\">Na Solenidade de Pentecostes opapa Francisco presidiu a Missa na Bas&iacute;lica de S&atilde;o Pedro, onde refletiu sobrenossa filia&ccedil;&atilde;o divina e perten&ccedil;a a Cristo com a vinda do Esp&iacute;rito Santo e tudoo que isto comporta.<\/p>\n<p class=\"MsoNormal\" style=\"text-align:justify\">Jesus havia prometido que n&atilde;o nosdeixaria &oacute;rf&atilde;os. E precisamente a sua miss&atilde;o, &ldquo;que culmina no dom do Esp&iacute;ritoSanto, tinha este objetivo essencial: reatar a nossa rela&ccedil;&atilde;o com o Pai,arruinada pelo pecado; tirar-nos da condi&ccedil;&atilde;o de &oacute;rf&atilde;os e restituir-nos &agrave;condi&ccedil;&atilde;o de filhos&rdquo;. De fato,&nbsp; &ldquo;apaternidade de Deus reativa-se em n&oacute;s gra&ccedil;as &agrave; obra redentora de Cristo e aodom do Esp&iacute;rito Santo&rdquo;. O Esp&iacute;rito que nos torna &ldquo;filhos adotivos. &Eacute; por Eleque clamamos: Abb&aacute;, &oacute; Pai!&rdquo;.<\/p>\n<p class=\"MsoNormal\" style=\"text-align:justify\">O papa explica que &ldquo;toda a obrada salva&ccedil;&atilde;o &eacute; uma obra de regenera&ccedil;&atilde;o, na qual a paternidade de Deus, por meiodo dom do Filho e do Esp&iacute;rito, nos liberta da orfandade em que ca&iacute;ramos&rdquo; eobserva, que no nosso tempo, &eacute; poss&iacute;vel constatar &ldquo;v&aacute;rios sinais desta nossacondi&ccedil;&atilde;o de &oacute;rf&atilde;os&rdquo;:<\/p>\n<p class=\"MsoNormal\" style=\"text-align:justify\">&ldquo;A solid&atilde;o interior que sentimosmesmo no meio da multid&atilde;o e que, &agrave;s vezes, pode tornar-se tristeza existencial;a nossa suposta autonomia de Deus, que aparece acompanhada por uma certanostalgia da sua proximidade; o analfabetismo espiritual generalizado que nosdeixa incapazes de rezar; a dificuldade em sentir como verdadeira e real a vidaeterna, como plenitude de comunh&atilde;o que germina aqui e desabrocha para al&eacute;m damorte; a dificuldade de reconhecer o outro como irm&atilde;o, porque filho do mesmoPai; e outros sinais semelhantes&rdquo;.<\/p>\n<p class=\"MsoNormal\" style=\"text-align:justify\">A todos estes sinais de orfandade&ndash; afirma o Pont&iacute;fice &ndash; &ldquo;se contrap&otilde;e a condi&ccedil;&atilde;o de filhos, que &eacute; a nossavoca&ccedil;&atilde;o primordial, &eacute; aquilo para que fomos feitos, o nosso &laquo;DNA&raquo; mais profundomas que se arruinou e, para ser restaurado, exigiu o sacrif&iacute;cio do FilhoUnig&ecirc;nito&rdquo;:<\/p>\n<p class=\"MsoNormal\" style=\"text-align:justify\">&ldquo;Do imenso dom de amor que &eacute; amorte de Jesus na cruz, brotou para toda a humanidade, como uma cascata enormede gra&ccedil;a, a efus&atilde;o do Esp&iacute;rito Santo. Quem mergulha com f&eacute; neste mist&eacute;rio deregenera&ccedil;&atilde;o, renasce para a plenitude da vida filial. &laquo;N&atilde;o vos deixarei&oacute;rf&atilde;os&raquo;&rdquo;.<\/p>\n<p class=\"MsoNormal\" style=\"text-align:justify\">Estas palavras de Jesus &ndash;prosseguiu o Papa &ndash; remetem-nos &agrave; presen&ccedil;a materna de Maria no Cen&aacute;culo:<\/p>\n<p class=\"MsoNormal\" style=\"text-align:justify\">&ldquo;A M&atilde;e de Jesus est&aacute; no meio dacomunidade dos disc&iacute;pulos reunida em ora&ccedil;&atilde;o: &eacute; mem&oacute;ria vivente do Filho e vivainvoca&ccedil;&atilde;o do Esp&iacute;rito Santo. &Eacute; a M&atilde;e da Igreja. &Agrave; sua intercess&atilde;o, confiamos demaneira especial todos os crist&atilde;os, as fam&iacute;lias e as comunidades que, nestemomento, t&ecirc;m mais necessidade da for&ccedil;a do Esp&iacute;rito Par&aacute;clito, Defensor eConsolador, Esp&iacute;rito de verdade, liberdade e paz&rdquo;.<\/p>\n<p class=\"MsoNormal\" style=\"text-align:justify\">Citando a Carta de Paulo aosRomanos, Francisco recorda que &ldquo;o Esp&iacute;rito faz com que perten&ccedil;amos a Cristo&rdquo;, e&ldquo;consolidando a nossa rela&ccedil;&atilde;o de perten&ccedil;a ao Senhor Jesus, o Esp&iacute;rito faz-nosentrar numa nova din&acirc;mica de fraternidade:<\/p>\n<p class=\"MsoNormal\" style=\"text-align:justify\">&ldquo;Atrav&eacute;s do Irm&atilde;o universal que &eacute;Jesus, podemos relacionar-nos de maneira nova com os outros: j&aacute; n&atilde;o como&oacute;rf&atilde;os, mas como filhos do mesmo Pai bom e misericordioso. E isto muda tudo!Podemos olhar-nos como irm&atilde;os, e as nossas diferen&ccedil;as fazem apenas com que semultipliquem a alegria e a maravilha de pertencermos a esta &uacute;nica paternidade efraternidade&rdquo;.<\/p>\n<p class=\"MsoNormal\" style=\"text-align:justify\">Fonte: R&aacute;dio Vaticano<\/p>\n","protected":false},"excerpt":{"rendered":"<p>&#8220;Toda a obra da salva&ccedil;&atilde;o &eacute;uma obra de regenera&ccedil;&atilde;o, na qual a paternidade de Deus, por meio do dom doFilho e do Esp&iacute;rito, nos liberta da orfandade em que ca&iacute;ramos&#8221;. N&oacute;s n&atilde;osomos mais&#8230;<\/p>\n","protected":false},"author":1,"featured_media":1544,"comment_status":"open","ping_status":"open","sticky":false,"template":"","format":"standard","meta":[],"categories":[1],"tags":[],"_links":{"self":[{"href":"https:\/\/www.salvatorianas.org.br\/blog\/wp-json\/wp\/v2\/posts\/1015"}],"collection":[{"href":"https:\/\/www.salvatorianas.org.br\/blog\/wp-json\/wp\/v2\/posts"}],"about":[{"href":"https:\/\/www.salvatorianas.org.br\/blog\/wp-json\/wp\/v2\/types\/post"}],"author":[{"embeddable":true,"href":"https:\/\/www.salvatorianas.org.br\/blog\/wp-json\/wp\/v2\/users\/1"}],"replies":[{"embeddable":true,"href":"https:\/\/www.salvatorianas.org.br\/blog\/wp-json\/wp\/v2\/comments?post=1015"}],"version-history":[{"count":0,"href":"https:\/\/www.salvatorianas.org.br\/blog\/wp-json\/wp\/v2\/posts\/1015\/revisions"}],"wp:featuredmedia":[{"embeddable":true,"href":"https:\/\/www.salvatorianas.org.br\/blog\/wp-json\/wp\/v2\/media\/1544"}],"wp:attachment":[{"href":"https:\/\/www.salvatorianas.org.br\/blog\/wp-json\/wp\/v2\/media?parent=1015"}],"wp:term":[{"taxonomy":"category","embeddable":true,"href":"https:\/\/www.salvatorianas.org.br\/blog\/wp-json\/wp\/v2\/categories?post=1015"},{"taxonomy":"post_tag","embeddable":true,"href":"https:\/\/www.salvatorianas.org.br\/blog\/wp-json\/wp\/v2\/tags?post=1015"}],"curies":[{"name":"wp","href":"https:\/\/api.w.org\/{rel}","templated":true}]}}