{"id":1011,"date":"2016-05-18T00:00:00","date_gmt":"2016-05-18T00:00:00","guid":{"rendered":"https:\/\/www.salvatorianas.org.br\/blog\/jovens-da-paroquia-sao-jose-participam-de-retiro\/"},"modified":"2016-05-18T00:00:00","modified_gmt":"2016-05-18T00:00:00","slug":"jovens-da-paroquia-sao-jose-participam-de-retiro","status":"publish","type":"post","link":"https:\/\/www.salvatorianas.org.br\/blog\/jovens-da-paroquia-sao-jose-participam-de-retiro\/","title":{"rendered":"Jovens da Par\u00f3quia S\u00e3o Jos\u00e9 participam de retiro."},"content":{"rendered":"<p class=\"MsoNormal\" style=\"text-align:justify\"><font face=\"Arial, sans-serif\"><span style=\"line-height: 18.4px;\">[imagem1]<\/span><\/font><\/p>\n<p class=\"MsoNormal\" style=\"text-align:justify\"><font face=\"Arial, sans-serif\"><span style=\"line-height: 18.4px;\"><br \/><\/span><\/font><\/p>\n<p class=\"MsoNormal\" style=\"text-align:justify\"><span style=\"font-size: 16px; line-height: 18.4px;\">No dia 15 de maio, Dia Internacional da Fam&iacute;lia, reuniram-se cerca de 120 jovens pertencentes aos grupos da Pastoral da Juventude da Par&oacute;quia S&atilde;o Jos&eacute;, de Duque Bacelar\/MA. O retiro foi assessorado pela Ir. Emirian Oliveira da Assun&ccedil;&atilde;o, que convidou toda a juventude reunida a refletir sobre o tema <b>&ldquo;A marca da fam&iacute;lia&rdquo;<\/b>.<\/span><\/p>\n<p class=\"MsoNormal\" style=\"text-align:justify\"><span style=\"font-size:12.0pt;line-height:115%;font-family:\" arial\",\"sans-serif\"\"=\"\"><br \/><\/span><\/p>\n<p class=\"MsoNormal\" style=\"text-align:justify\"><span style=\"font-size:12.0pt;line-height:115%;font-family:\" arial\",\"sans-serif\"\"=\"\">Com muito entusiasmo, osjovens estiveram presentes na Comunidade do Cercado, para um dia de ora&ccedil;&atilde;o e reflex&atilde;o. Foi muito bonito presenciar o quanto a juventude tem a dizer sobre a realidadedas fam&iacute;lias hoje, como os valores recebidos dos pais, que se perpetuam ao longo de suas vidas.<\/span><\/p>\n<p class=\"MsoNormal\" style=\"text-align:justify\"><span style=\"font-size:12.0pt;line-height:115%;font-family:\" arial\",\"sans-serif\"\"=\"\"><br \/><\/span><\/p>\n<p class=\"MsoNormal\" style=\"text-align:justify\"><span style=\"font-size:12.0pt;line-height:115%;font-family:\" arial\",\"sans-serif\"\"=\"\">Como ilumina&ccedil;&atilde;o b&iacute;blica foirezada a <b>Par&aacute;bola do Pai Misericordioso <\/b>(Lucas 15,11-32). Na parte da tarde, os jovens receberam a visita de um casal daComunidade do &Oacute;rf&atilde;o, Ant&ocirc;nio e Vera, os quais falaram, de forma descontra&iacute;da, como ter e viver em uma fam&iacute;lia sagrada. Eles tamb&eacute;m responderam a v&aacute;rias perguntas sobre namoro,conviv&ecirc;ncia familiar e maneiras para vencer os conflitos geracionais em casa.&nbsp;<\/span><\/p>\n<p class=\"MsoNormal\" style=\"text-align:justify\"><span style=\"font-size:12.0pt;line-height:115%;font-family:\" arial\",\"sans-serif\"\"=\"\"><br \/><\/span><\/p>\n<p class=\"MsoNormal\" style=\"text-align:justify\"><span style=\"font-size:12.0pt;line-height:115%;font-family:\" arial\",\"sans-serif\"\"=\"\">Para todos os jovens, oretiro foi uma oportunidade de viver um intenso momento de ora&ccedil;&atilde;o, de partilhada Palavra de Deus e da sua vida. Foi tamb&eacute;m um fortalecimento dos la&ccedil;os de amizade e dereflex&atilde;o sobre a import&acirc;ncia da fam&iacute;lia.<\/span><\/p>\n<p class=\"MsoNormal\" style=\"text-align:justify\"><span style=\"font-size:12.0pt;line-height:115%;font-family:\" arial\",\"sans-serif\"\"=\"\"><br \/><\/span><\/p>\n<p class=\"MsoNormal\" style=\"text-align:justify\"><span style=\"font-size:12.0pt;line-height:115%;font-family:\" arial\",\"sans-serif\"\"=\"\"><br \/><\/span><\/p>\n","protected":false},"excerpt":{"rendered":"<p>[imagem1] No dia 15 de maio, Dia Internacional da Fam&iacute;lia, reuniram-se cerca de 120 jovens pertencentes aos grupos da Pastoral da Juventude da Par&oacute;quia S&atilde;o Jos&eacute;, de Duque Bacelar\/MA. O retiro foi assessorado&#8230;<\/p>\n","protected":false},"author":1,"featured_media":2072,"comment_status":"open","ping_status":"open","sticky":false,"template":"","format":"standard","meta":[],"categories":[1],"tags":[],"_links":{"self":[{"href":"https:\/\/www.salvatorianas.org.br\/blog\/wp-json\/wp\/v2\/posts\/1011"}],"collection":[{"href":"https:\/\/www.salvatorianas.org.br\/blog\/wp-json\/wp\/v2\/posts"}],"about":[{"href":"https:\/\/www.salvatorianas.org.br\/blog\/wp-json\/wp\/v2\/types\/post"}],"author":[{"embeddable":true,"href":"https:\/\/www.salvatorianas.org.br\/blog\/wp-json\/wp\/v2\/users\/1"}],"replies":[{"embeddable":true,"href":"https:\/\/www.salvatorianas.org.br\/blog\/wp-json\/wp\/v2\/comments?post=1011"}],"version-history":[{"count":0,"href":"https:\/\/www.salvatorianas.org.br\/blog\/wp-json\/wp\/v2\/posts\/1011\/revisions"}],"wp:featuredmedia":[{"embeddable":true,"href":"https:\/\/www.salvatorianas.org.br\/blog\/wp-json\/wp\/v2\/media\/2072"}],"wp:attachment":[{"href":"https:\/\/www.salvatorianas.org.br\/blog\/wp-json\/wp\/v2\/media?parent=1011"}],"wp:term":[{"taxonomy":"category","embeddable":true,"href":"https:\/\/www.salvatorianas.org.br\/blog\/wp-json\/wp\/v2\/categories?post=1011"},{"taxonomy":"post_tag","embeddable":true,"href":"https:\/\/www.salvatorianas.org.br\/blog\/wp-json\/wp\/v2\/tags?post=1011"}],"curies":[{"name":"wp","href":"https:\/\/api.w.org\/{rel}","templated":true}]}}